{"id":80577,"date":"2016-07-24T11:31:25","date_gmt":"2016-07-24T08:31:25","guid":{"rendered":"http:\/\/www.sana.sy\/tr\/?p=80577"},"modified":"2016-07-24T14:15:01","modified_gmt":"2016-07-24T11:15:01","slug":"kaynak-aciklamasinin-sonunda-suriyenin-halkinin-ideallerini-ve-onayini-alacak-siyasi-bir-cozume-bagliliginin-bir-kez-daha-altini-cizerek-bu-amacla-suriyeliler-arasinda-sartsiz-kosulsuz-diyalog-gor","status":"publish","type":"post","link":"https:\/\/archive.sana.sy\/tr\/?p=80577","title":{"rendered":"Kaynak a\u00e7\u0131klamas\u0131n\u0131n sonunda Suriye&#8217;nin, halk\u0131n\u0131n ideallerini ve onay\u0131n\u0131 alacak siyasi bir \u00e7\u00f6z\u00fcme ba\u011fl\u0131l\u0131\u011f\u0131n\u0131n bir kez daha alt\u0131n\u0131 \u00e7izerek, bu ama\u00e7la Suriyeliler aras\u0131nda \u015farts\u0131z ko\u015fulsuz diyalog g\u00f6r\u00fc\u015fmelerinin yeniden ba\u015flamas\u0131na \u00f6zenini ifade etti"},"content":{"rendered":"<p>Kaynak a\u00e7\u0131klamas\u0131n\u0131n sonunda Suriye&#8217;nin, halk\u0131n\u0131n ideallerini ve onay\u0131n\u0131 alacak siyasi bir \u00e7\u00f6z\u00fcme ba\u011fl\u0131l\u0131\u011f\u0131n\u0131n bir kez daha alt\u0131n\u0131 \u00e7izerek, bu ama\u00e7la Suriyeliler aras\u0131nda \u015farts\u0131z ko\u015fulsuz diyalog g\u00f6r\u00fc\u015fmelerinin yeniden ba\u015flamas\u0131na \u00f6zenini ifade etti<\/p>\n","protected":false},"excerpt":{"rendered":"<p>Kaynak a\u00e7\u0131klamas\u0131n\u0131n sonunda Suriye&#8217;nin, halk\u0131n\u0131n ideallerini ve onay\u0131n\u0131 alacak siyasi bir \u00e7\u00f6z\u00fcme ba\u011fl\u0131l\u0131\u011f\u0131n\u0131n bir kez daha alt\u0131n\u0131 \u00e7izerek, bu ama\u00e7la Suriyeliler aras\u0131nda \u015farts\u0131z ko\u015fulsuz diyalog g\u00f6r\u00fc\u015fmelerinin yeniden ba\u015flamas\u0131na \u00f6zenini ifade etti<\/p>\n","protected":false},"author":1,"featured_media":0,"comment_status":"closed","ping_status":"closed","sticky":false,"template":"","format":"standard","meta":{"footnotes":""},"categories":[17991],"tags":[],"class_list":["post-80577","post","type-post","status-publish","format-standard","","category-son-dakika"],"_links":{"self":[{"href":"https:\/\/archive.sana.sy\/tr\/index.php?rest_route=\/wp\/v2\/posts\/80577","targetHints":{"allow":["GET"]}}],"collection":[{"href":"https:\/\/archive.sana.sy\/tr\/index.php?rest_route=\/wp\/v2\/posts"}],"about":[{"href":"https:\/\/archive.sana.sy\/tr\/index.php?rest_route=\/wp\/v2\/types\/post"}],"author":[{"embeddable":true,"href":"https:\/\/archive.sana.sy\/tr\/index.php?rest_route=\/wp\/v2\/users\/1"}],"replies":[{"embeddable":true,"href":"https:\/\/archive.sana.sy\/tr\/index.php?rest_route=%2Fwp%2Fv2%2Fcomments&post=80577"}],"version-history":[{"count":0,"href":"https:\/\/archive.sana.sy\/tr\/index.php?rest_route=\/wp\/v2\/posts\/80577\/revisions"}],"wp:attachment":[{"href":"https:\/\/archive.sana.sy\/tr\/index.php?rest_route=%2Fwp%2Fv2%2Fmedia&parent=80577"}],"wp:term":[{"taxonomy":"category","embeddable":true,"href":"https:\/\/archive.sana.sy\/tr\/index.php?rest_route=%2Fwp%2Fv2%2Fcategories&post=80577"},{"taxonomy":"post_tag","embeddable":true,"href":"https:\/\/archive.sana.sy\/tr\/index.php?rest_route=%2Fwp%2Fv2%2Ftags&post=80577"}],"curies":[{"name":"wp","href":"https:\/\/api.w.org\/{rel}","templated":true}]}}