{"id":80597,"date":"2016-07-24T15:20:50","date_gmt":"2016-07-24T12:20:50","guid":{"rendered":"http:\/\/www.sana.sy\/tr\/?p=80597"},"modified":"2016-07-25T10:28:15","modified_gmt":"2016-07-25T07:28:15","slug":"sam-su-boru-hattini-havaya-ucurdular","status":"publish","type":"post","link":"https:\/\/archive.sana.sy\/tr\/?p=80597","title":{"rendered":"\u015eam Su Boru Hatt\u0131n\u0131 Havaya U\u00e7urdular"},"content":{"rendered":"<p>\u015eAM \u2013 \u015eam ve k\u0131rsal\u0131nda i\u00e7me suyu ve at\u0131k su kurumu m\u00fcd\u00fcr\u00fc H\u00fcsam Hreydin; ba\u015fkentin bat\u0131 k\u0131rsal\u0131 Berada Vadisinde bulunan tekfirci ter\u00f6ristlerin bug\u00fcn Fici su p\u0131nar\u0131ndan \u015eam Kentine i\u00e7me suyu temin eden boru hatt\u0131n\u0131 bombalad\u0131klar\u0131n\u0131 belirtti.<\/p>\n<p>Hreydin SANA\u2019ya a\u00e7\u0131klamas\u0131nda ar\u0131za onar\u0131m ekiplerinin saniyede 1,5 metre k\u00fcp su kapasitesine sahip boru hatt\u0131n\u0131 onarma amac\u0131yla havaya u\u00e7uruldu\u011fu b\u00f6lgeye girmeleri i\u00e7in \u00e7abalar\u0131n harcand\u0131\u011f\u0131n\u0131 ifade etti.<\/p>\n<p>Berada Vadisi ve Fici b\u00f6lgelerinde bulunan tekfirci ter\u00f6ristler \u015eam\u2019da vatan ve ordusuna desteklerinden dolay\u0131 \u015eam ahalisine her f\u0131rsatta kinlerini kusmaya \u00e7al\u0131\u015f\u0131yorlar.<\/p>\n<p>R.M.<\/p>\n","protected":false},"excerpt":{"rendered":"<p>\u015eAM \u2013 \u015eam ve k\u0131rsal\u0131nda i\u00e7me suyu ve at\u0131k su kurumu m\u00fcd\u00fcr\u00fc H\u00fcsam Hreydin; ba\u015fkentin bat\u0131 k\u0131rsal\u0131 Berada Vadisinde bulunan tekfirci ter\u00f6ristlerin bug\u00fcn Fici su p\u0131nar\u0131ndan \u015eam Kentine i\u00e7me suyu temin eden boru hatt\u0131n\u0131 bombalad\u0131klar\u0131n\u0131 belirtti. Hreydin SANA\u2019ya a\u00e7\u0131klamas\u0131nda ar\u0131za onar\u0131m ekiplerinin saniyede 1,5 metre k\u00fcp su kapasitesine sahip boru hatt\u0131n\u0131 onarma amac\u0131yla havaya u\u00e7uruldu\u011fu &hellip;<\/p>\n","protected":false},"author":1,"featured_media":80598,"comment_status":"closed","ping_status":"closed","sticky":false,"template":"","format":"standard","meta":{"footnotes":""},"categories":[479,575,17988,478],"tags":[3464,18237,18723,18347,21861,19043,22182],"class_list":["post-80597","post","type-post","status-publish","format-standard","has-post-thumbnail","","category-haberler-yerel","category-olaylar-ve-gercekler","category-son-haberler","category-yerel","tag-nusra-cephesi","tag-cihatcilar","tag-muhalifler","tag-oso","tag-sabotaj","tag-suriyede-son-durum","tag-suriyede-savas"],"_links":{"self":[{"href":"https:\/\/archive.sana.sy\/tr\/index.php?rest_route=\/wp\/v2\/posts\/80597","targetHints":{"allow":["GET"]}}],"collection":[{"href":"https:\/\/archive.sana.sy\/tr\/index.php?rest_route=\/wp\/v2\/posts"}],"about":[{"href":"https:\/\/archive.sana.sy\/tr\/index.php?rest_route=\/wp\/v2\/types\/post"}],"author":[{"embeddable":true,"href":"https:\/\/archive.sana.sy\/tr\/index.php?rest_route=\/wp\/v2\/users\/1"}],"replies":[{"embeddable":true,"href":"https:\/\/archive.sana.sy\/tr\/index.php?rest_route=%2Fwp%2Fv2%2Fcomments&post=80597"}],"version-history":[{"count":0,"href":"https:\/\/archive.sana.sy\/tr\/index.php?rest_route=\/wp\/v2\/posts\/80597\/revisions"}],"wp:featuredmedia":[{"embeddable":true,"href":"https:\/\/archive.sana.sy\/tr\/index.php?rest_route=\/wp\/v2\/media\/80598"}],"wp:attachment":[{"href":"https:\/\/archive.sana.sy\/tr\/index.php?rest_route=%2Fwp%2Fv2%2Fmedia&parent=80597"}],"wp:term":[{"taxonomy":"category","embeddable":true,"href":"https:\/\/archive.sana.sy\/tr\/index.php?rest_route=%2Fwp%2Fv2%2Fcategories&post=80597"},{"taxonomy":"post_tag","embeddable":true,"href":"https:\/\/archive.sana.sy\/tr\/index.php?rest_route=%2Fwp%2Fv2%2Ftags&post=80597"}],"curies":[{"name":"wp","href":"https:\/\/api.w.org\/{rel}","templated":true}]}}