{"id":8063,"date":"2014-08-23T22:59:31","date_gmt":"2014-08-23T19:59:31","guid":{"rendered":"http:\/\/www.sana.sy\/tr\/?p=8063"},"modified":"2014-08-24T16:57:07","modified_gmt":"2014-08-24T13:57:07","slug":"sam-ve-kirsalinda-435-kisi-silahlariyla-teslim-oldu","status":"publish","type":"post","link":"https:\/\/archive.sana.sy\/tr\/?p=8063","title":{"rendered":"\u015eam ve K\u0131rsal\u0131nda 435 Ki\u015fi Silahlar\u0131yla Teslim Oldu"},"content":{"rendered":"<p>\u015eAM KIRSALI \u2013 \u015eam \u00c7evre kent Emniyet M\u00fcd\u00fcrl\u00fc\u011f\u00fcnde yetkili bir kaynak; \u015eam k\u0131rsal\u0131n\u0131n Madaya B\u00f6lgesinde silahlar\u0131yla birlikte ilgili g\u00fcvenlik kurumlar\u0131na teslim olan 254 kanun ki\u015finin ulusal uzla\u015fma komitelerinin \u00e7abalar\u0131yla kanuni durumlar\u0131n\u0131n d\u00fczletilip serbest b\u0131rak\u0131ld\u0131klar\u0131n\u0131 belirtti.<\/p>\n<p>Kaynak s\u00f6z konusu ki\u015filerin serbest b\u0131rak\u0131lmalar\u0131ndan \u00f6nce yeniden ulusal g\u00fcvenli\u011fi tehdit edecek herhangi bir eyleme kat\u0131lamama taahh\u00fcd\u00fc imzalad\u0131klar\u0131n\u0131 s\u00f6yledi.<\/p>\n<p>\u00d6te yandan kanuni durumlar\u0131n\u0131n d\u00fczeltilmesi amac\u0131yla \u015eam ve k\u0131rsal\u0131n\u0131n muhtelif b\u00f6lgelerinden bug\u00fcn 181 ki\u015fi yine silahlar\u0131yla birlikte teslim oldular.<\/p>\n<p>Bu arada d\u00fcn \u015eam k\u0131rsal\u0131 Vadi Barada B\u00f6lgesinin Bseyma beldesinden 180 ki\u015fi teslim olmas\u0131yla b\u00f6ylece A\u011fustos ay\u0131nda Madaya, Bseyma, Zebadani, Kenakir ve Beyt Sahm b\u00f6lgelerinden silahlar\u0131yla teslim olanlar\u0131n say\u0131s\u0131 800\u2019 ki\u015finin \u00fcst\u00fcne \u00e7\u0131kt\u0131.<\/p>\n","protected":false},"excerpt":{"rendered":"<p>\u015eAM KIRSALI \u2013 \u015eam \u00c7evre kent Emniyet M\u00fcd\u00fcrl\u00fc\u011f\u00fcnde yetkili bir kaynak; \u015eam k\u0131rsal\u0131n\u0131n Madaya B\u00f6lgesinde silahlar\u0131yla birlikte ilgili g\u00fcvenlik kurumlar\u0131na teslim olan 254 kanun ki\u015finin ulusal uzla\u015fma komitelerinin \u00e7abalar\u0131yla kanuni durumlar\u0131n\u0131n d\u00fczletilip serbest b\u0131rak\u0131ld\u0131klar\u0131n\u0131 belirtti. Kaynak s\u00f6z konusu ki\u015filerin serbest b\u0131rak\u0131lmalar\u0131ndan \u00f6nce yeniden ulusal g\u00fcvenli\u011fi tehdit edecek herhangi bir eyleme kat\u0131lamama taahh\u00fcd\u00fc imzalad\u0131klar\u0131n\u0131 s\u00f6yledi. \u00d6te &hellip;<\/p>\n","protected":false},"author":1,"featured_media":8064,"comment_status":"closed","ping_status":"closed","sticky":false,"template":"","format":"standard","meta":{"footnotes":""},"categories":[479,575,478],"tags":[1799],"class_list":["post-8063","post","type-post","status-publish","format-standard","has-post-thumbnail","","category-haberler-yerel","category-olaylar-ve-gercekler","category-yerel","tag-sam-ve-kirsalinda-435-kisi-silahlariyla-teslim-oldu"],"_links":{"self":[{"href":"https:\/\/archive.sana.sy\/tr\/index.php?rest_route=\/wp\/v2\/posts\/8063","targetHints":{"allow":["GET"]}}],"collection":[{"href":"https:\/\/archive.sana.sy\/tr\/index.php?rest_route=\/wp\/v2\/posts"}],"about":[{"href":"https:\/\/archive.sana.sy\/tr\/index.php?rest_route=\/wp\/v2\/types\/post"}],"author":[{"embeddable":true,"href":"https:\/\/archive.sana.sy\/tr\/index.php?rest_route=\/wp\/v2\/users\/1"}],"replies":[{"embeddable":true,"href":"https:\/\/archive.sana.sy\/tr\/index.php?rest_route=%2Fwp%2Fv2%2Fcomments&post=8063"}],"version-history":[{"count":0,"href":"https:\/\/archive.sana.sy\/tr\/index.php?rest_route=\/wp\/v2\/posts\/8063\/revisions"}],"wp:featuredmedia":[{"embeddable":true,"href":"https:\/\/archive.sana.sy\/tr\/index.php?rest_route=\/wp\/v2\/media\/8064"}],"wp:attachment":[{"href":"https:\/\/archive.sana.sy\/tr\/index.php?rest_route=%2Fwp%2Fv2%2Fmedia&parent=8063"}],"wp:term":[{"taxonomy":"category","embeddable":true,"href":"https:\/\/archive.sana.sy\/tr\/index.php?rest_route=%2Fwp%2Fv2%2Fcategories&post=8063"},{"taxonomy":"post_tag","embeddable":true,"href":"https:\/\/archive.sana.sy\/tr\/index.php?rest_route=%2Fwp%2Fv2%2Ftags&post=8063"}],"curies":[{"name":"wp","href":"https:\/\/api.w.org\/{rel}","templated":true}]}}