{"id":8066,"date":"2014-08-23T23:18:04","date_gmt":"2014-08-23T20:18:04","guid":{"rendered":"http:\/\/www.sana.sy\/tr\/?p=8066"},"modified":"2014-08-23T23:18:04","modified_gmt":"2014-08-23T20:18:04","slug":"deyrezzor-kirsalinda-yeni-bir-katliam-asiret-seyhini-kurtardi","status":"publish","type":"post","link":"https:\/\/archive.sana.sy\/tr\/?p=8066","title":{"rendered":"Deyrezzor K\u0131rsal\u0131nda Yeni Bir Katliam&#8230; A\u015firet \u015eeyhini Kurtard\u0131"},"content":{"rendered":"<p>DEYREZZOR \u2013 Irak ve \u015eam \u0130slami Devleti I\u015e\u0130D olarak bilinen tekfirci ter\u00f6ristler bug\u00fcn Deyrezzor k\u0131rsal\u0131n\u0131n do\u011fusuna d\u00fc\u015fen \u011eranic K\u00f6y\u00fc ahalisine kar\u015f\u0131 yeni bir katliam i\u015fledi.<\/p>\n<p>K\u00f6y ahalisinden g\u00f6rg\u00fc tan\u0131klar\u0131 I\u015e\u0130D\u2019li tekfircilerin bug\u00fcn k\u00f6y ahalisinden 4 vatanda\u015f\u0131 k\u00f6y meydan\u0131nda \u00f6ld\u00fcrmeleri ard\u0131ndan kafalar\u0131n\u0131 kesip cesetlerini de tenkil ettiklerini belirtti.<\/p>\n<p>Bu arada I\u015e\u0130D tekfircileri bu ay\u0131n 9\u2019unda k\u00f6yde bombal\u0131 bir arac\u0131 havaya u\u00e7urmu\u015f 9 vatanda\u015f\u0131n \u015fehit, 3 vatanda\u015f\u0131n da yaral\u0131 d\u00fc\u015fmelerine neden olmu\u015ftu.<\/p>\n<p><span style=\"color: #0000ff\"><a href=\"http:\/\/www.sana.sy\/tr\/wp-content\/uploads\/2014\/08\/A\u015firet-\u015eeyhi.jpg\"><img loading=\"lazy\" decoding=\"async\" class=\"alignright wp-image-8067 size-medium\" src=\"http:\/\/www.sana.sy\/tr\/wp-content\/uploads\/2014\/08\/A\u015firet-\u015eeyhi-300x159.jpg\" alt=\"A\u015firet \u015eeyhi\" width=\"300\" height=\"159\" srcset=\"https:\/\/archive.sana.sy\/tr\/wp-content\/uploads\/2014\/08\/A\u015firet-\u015eeyhi-300x160.jpg 300w, https:\/\/archive.sana.sy\/tr\/wp-content\/uploads\/2014\/08\/A\u015firet-\u015eeyhi-150x79.jpg 150w, https:\/\/archive.sana.sy\/tr\/wp-content\/uploads\/2014\/08\/A\u015firet-\u015eeyhi.jpg 620w\" sizes=\"auto, (max-width: 300px) 100vw, 300px\" \/><\/a>Ukeydat A\u015fireti \u015eeyhlerinin \u015eeyhini Kurtard\u0131<\/span><\/p>\n<p>\u00d6te yandan Ukeydat A\u015fireti I\u015e\u0130D \u00e7etelerinin bug\u00fcn g\u00fcnd\u00fcz saatlerinde ka\u00e7\u0131rd\u0131klar\u0131 a\u015firet \u015feyhleri reisi \u015eeyh Halil Abbud el Cedan el Hafl&#8217;\u0131 kurtararak 18 tekfirciyi etkisiz hale getirdiler.<\/p>\n<p>Bu arada I\u015e\u0130D tekfircileri bug\u00fcn erken saatlerde \u015eam istikametinde seyir eden Ukeydat A\u015fireti \u015feyhlerinin resi \u015eeyh el Hafl\u2019\u0131 Deyrezzor \u2013 \u015eam karayolu \u00fczerinde el \u015eula B\u00f6lgesinde ka\u00e7\u0131rm\u0131\u015flard\u0131.<\/p>\n","protected":false},"excerpt":{"rendered":"<p>DEYREZZOR \u2013 Irak ve \u015eam \u0130slami Devleti I\u015e\u0130D olarak bilinen tekfirci ter\u00f6ristler bug\u00fcn Deyrezzor k\u0131rsal\u0131n\u0131n do\u011fusuna d\u00fc\u015fen \u011eranic K\u00f6y\u00fc ahalisine kar\u015f\u0131 yeni bir katliam i\u015fledi. K\u00f6y ahalisinden g\u00f6rg\u00fc tan\u0131klar\u0131 I\u015e\u0130D\u2019li tekfircilerin bug\u00fcn k\u00f6y ahalisinden 4 vatanda\u015f\u0131 k\u00f6y meydan\u0131nda \u00f6ld\u00fcrmeleri ard\u0131ndan kafalar\u0131n\u0131 kesip cesetlerini de tenkil ettiklerini belirtti. Bu arada I\u015e\u0130D tekfircileri bu ay\u0131n 9\u2019unda k\u00f6yde &hellip;<\/p>\n","protected":false},"author":1,"featured_media":8068,"comment_status":"closed","ping_status":"closed","sticky":false,"template":"","format":"standard","meta":{"footnotes":""},"categories":[479,575,478],"tags":[1800],"class_list":["post-8066","post","type-post","status-publish","format-standard","has-post-thumbnail","","category-haberler-yerel","category-olaylar-ve-gercekler","category-yerel","tag-deyrezzor-kirsalinda-yeni-bir-katliam-asiret-seyhini-kurtardi"],"_links":{"self":[{"href":"https:\/\/archive.sana.sy\/tr\/index.php?rest_route=\/wp\/v2\/posts\/8066","targetHints":{"allow":["GET"]}}],"collection":[{"href":"https:\/\/archive.sana.sy\/tr\/index.php?rest_route=\/wp\/v2\/posts"}],"about":[{"href":"https:\/\/archive.sana.sy\/tr\/index.php?rest_route=\/wp\/v2\/types\/post"}],"author":[{"embeddable":true,"href":"https:\/\/archive.sana.sy\/tr\/index.php?rest_route=\/wp\/v2\/users\/1"}],"replies":[{"embeddable":true,"href":"https:\/\/archive.sana.sy\/tr\/index.php?rest_route=%2Fwp%2Fv2%2Fcomments&post=8066"}],"version-history":[{"count":0,"href":"https:\/\/archive.sana.sy\/tr\/index.php?rest_route=\/wp\/v2\/posts\/8066\/revisions"}],"wp:featuredmedia":[{"embeddable":true,"href":"https:\/\/archive.sana.sy\/tr\/index.php?rest_route=\/wp\/v2\/media\/8068"}],"wp:attachment":[{"href":"https:\/\/archive.sana.sy\/tr\/index.php?rest_route=%2Fwp%2Fv2%2Fmedia&parent=8066"}],"wp:term":[{"taxonomy":"category","embeddable":true,"href":"https:\/\/archive.sana.sy\/tr\/index.php?rest_route=%2Fwp%2Fv2%2Fcategories&post=8066"},{"taxonomy":"post_tag","embeddable":true,"href":"https:\/\/archive.sana.sy\/tr\/index.php?rest_route=%2Fwp%2Fv2%2Ftags&post=8066"}],"curies":[{"name":"wp","href":"https:\/\/api.w.org\/{rel}","templated":true}]}}