{"id":80689,"date":"2016-07-25T16:45:00","date_gmt":"2016-07-25T13:45:00","guid":{"rendered":"http:\/\/www.sana.sy\/tr\/?p=80689"},"modified":"2016-07-26T15:48:46","modified_gmt":"2016-07-26T12:48:46","slug":"avrupa-ulkelerinin-bunda-cikarlari-var","status":"publish","type":"post","link":"https:\/\/archive.sana.sy\/tr\/?p=80689","title":{"rendered":"Avrupa \u00dclkelerinin Bunda \u00c7\u0131karlar\u0131 Var(video)"},"content":{"rendered":"<p>\u015eAM \u2013 Cumhurba\u015fkan\u0131 Be\u015f\u015far el Esad bug\u00fcn K\u0131br\u0131s Ba\u015fpiskoposu II. Hrisostomos ve Suriye ziyaretinde ona e\u015flik eden heyeti kabul etti.<\/p>\n<p>Suriye&#8217;deki durumlar ve son geli\u015fmelerin ele al\u0131nd\u0131\u011f\u0131 g\u00f6r\u00fc\u015fmede; Suriye ve K\u0131br\u0131s aras\u0131ndaki tarihi derin ili\u015fkiler g\u00f6zden ge\u00e7irildi. \u0130ki taraf bu ili\u015fkilerin muhtelif alanlarda geli\u015ftirilmesi gere\u011fine dikkat \u00e7ekti.<\/p>\n<p><a href=\"http:\/\/www.sana.sy\/tr\/wp-content\/uploads\/2016\/07\/esad-3.jpg\"><img loading=\"lazy\" decoding=\"async\" class=\"alignright wp-image-80712 size-medium\" src=\"http:\/\/www.sana.sy\/tr\/wp-content\/uploads\/2016\/07\/esad-3-300x163.jpg\" alt=\"esad 3\" width=\"300\" height=\"163\" srcset=\"https:\/\/archive.sana.sy\/tr\/wp-content\/uploads\/2016\/07\/esad-3-300x163.jpg 300w, https:\/\/archive.sana.sy\/tr\/wp-content\/uploads\/2016\/07\/esad-3-150x82.jpg 150w, https:\/\/archive.sana.sy\/tr\/wp-content\/uploads\/2016\/07\/esad-3-768x418.jpg 768w, https:\/\/archive.sana.sy\/tr\/wp-content\/uploads\/2016\/07\/esad-3-1024x558.jpg 1024w\" sizes=\"auto, (max-width: 300px) 100vw, 300px\" \/><\/a>K\u0131br\u0131s Ba\u015fpiskoposu \u00fclkesinin Suriye ile ili\u015fkileri peki\u015ftirme \u00f6nemine dikkat \u00e7ekerken, bunun iki \u00fclke halklar\u0131n\u0131n \u00e7\u0131karlar\u0131na hizmet edece\u011fini s\u00f6yledi. Ba\u015fpiskopos t\u00fcm Avrupa devletlerinin Suriye ile ili\u015fkilerini yeniden g\u00f6zden ge\u00e7irip d\u00fczeltmeleri ve zalim ekonomik yapt\u0131r\u0131mlar\u0131 kald\u0131rmalar\u0131nda bu \u00fclkelerin \u00e7\u0131karlar\u0131 oldu\u011funu vurgulad\u0131.<\/p>\n<p>Kendisine e\u015flik eden heyet ile birlikte Suriye ziyaretinde tan\u0131k oldu\u011fu ulusalc\u0131 tutuma vurgu yapan K\u0131br\u0131s Ba\u015fpiskoposu, bunun Suriye ve Suriyelilerin krizden kurtulma ve \u015fanl\u0131 bir zaferle ter\u00f6r\u00fc yok etmeleri y\u00f6n\u00fcnde ilerlediklerinin kan\u0131t\u0131 oldu\u011funu iade etti.<\/p>\n<p><a href=\"http:\/\/www.sana.sy\/tr\/wp-content\/uploads\/2016\/07\/esad-2.jpg\"><img loading=\"lazy\" decoding=\"async\" class=\"alignright wp-image-80709 size-medium\" src=\"http:\/\/www.sana.sy\/tr\/wp-content\/uploads\/2016\/07\/esad-2-300x158.jpg\" alt=\"esad\" width=\"300\" height=\"158\" srcset=\"https:\/\/archive.sana.sy\/tr\/wp-content\/uploads\/2016\/07\/esad-2-300x158.jpg 300w, https:\/\/archive.sana.sy\/tr\/wp-content\/uploads\/2016\/07\/esad-2-150x79.jpg 150w, https:\/\/archive.sana.sy\/tr\/wp-content\/uploads\/2016\/07\/esad-2-768x404.jpg 768w, https:\/\/archive.sana.sy\/tr\/wp-content\/uploads\/2016\/07\/esad-2-1024x539.jpg 1024w\" sizes=\"auto, (max-width: 300px) 100vw, 300px\" \/><\/a>Cumhurba\u015fkan\u0131 el Esad ise Suriye ve halk\u0131na y\u00f6nelik bu e\u015fi benzeri olmayan ter\u00f6r sald\u0131r\u0131lar\u0131n\u0131n ama\u00e7lar\u0131ndan birinin tekfirci ideoloji ve uygulamalar\u0131n\u0131 yaymak oldu\u011funu belirtti. El Esad b\u00f6ylelikle de tarih boyunca Suriye&#8217;nin ayr\u0131cal\u0131\u011f\u0131 olan sosyal doku zenginli\u011fini sabote etmeye \u00e7al\u0131\u015ft\u0131klar\u0131n\u0131 ifade etti.<\/p>\n<p>El Esad Suriye&#8217;nin ya\u015fad\u0131\u011f\u0131 bu kat\u0131 ve zor deneyimin, halk\u0131n sosyal zenginli\u011fi, birli\u011fi ve ulusalc\u0131l\u0131\u011fa ba\u011fl\u0131l\u0131\u011f\u0131n\u0131 artt\u0131rd\u0131\u011f\u0131n\u0131 s\u00f6yledi.<\/p>\n<p>G\u00f6r\u00fc\u015fmeye Antakya ve T\u00fcm Do\u011fu Rum Ortodokslar Patri\u011fi X. Yuhanna Yaz\u0131c\u0131 kat\u0131ld\u0131.<\/p>\n<p>https:\/\/www.youtube.com\/watch?v=M6f9nzaczmg<\/p>\n<p>R.H.<\/p>\n","protected":false},"excerpt":{"rendered":"<p>\u015eAM \u2013 Cumhurba\u015fkan\u0131 Be\u015f\u015far el Esad bug\u00fcn K\u0131br\u0131s Ba\u015fpiskoposu II. Hrisostomos ve Suriye ziyaretinde ona e\u015flik eden heyeti kabul etti. Suriye&#8217;deki durumlar ve son geli\u015fmelerin ele al\u0131nd\u0131\u011f\u0131 g\u00f6r\u00fc\u015fmede; Suriye ve K\u0131br\u0131s aras\u0131ndaki tarihi derin ili\u015fkiler g\u00f6zden ge\u00e7irildi. \u0130ki taraf bu ili\u015fkilerin muhtelif alanlarda geli\u015ftirilmesi gere\u011fine dikkat \u00e7ekti. K\u0131br\u0131s Ba\u015fpiskoposu \u00fclkesinin Suriye ile ili\u015fkileri peki\u015ftirme \u00f6nemine &hellip;<\/p>\n","protected":false},"author":1,"featured_media":80701,"comment_status":"closed","ping_status":"closed","sticky":false,"template":"","format":"standard","meta":{"footnotes":""},"categories":[608,479,605,17988,478],"tags":[13011,16402],"class_list":["post-80689","post","type-post","status-publish","format-standard","has-post-thumbnail","","category-etkinlikler","category-haberler-yerel","category-sayin-cumhurbaskani","category-son-haberler","category-yerel","tag-abd-ve-muttefiklerinin-de-siyasi-cozum-istediklerine-inanmiyorum-sam-cumhurbaskani-bessar-el-esad-rus-tass-haber-ajansi","tag-cumhurbaskani-bessar-el-esad"],"_links":{"self":[{"href":"https:\/\/archive.sana.sy\/tr\/index.php?rest_route=\/wp\/v2\/posts\/80689","targetHints":{"allow":["GET"]}}],"collection":[{"href":"https:\/\/archive.sana.sy\/tr\/index.php?rest_route=\/wp\/v2\/posts"}],"about":[{"href":"https:\/\/archive.sana.sy\/tr\/index.php?rest_route=\/wp\/v2\/types\/post"}],"author":[{"embeddable":true,"href":"https:\/\/archive.sana.sy\/tr\/index.php?rest_route=\/wp\/v2\/users\/1"}],"replies":[{"embeddable":true,"href":"https:\/\/archive.sana.sy\/tr\/index.php?rest_route=%2Fwp%2Fv2%2Fcomments&post=80689"}],"version-history":[{"count":0,"href":"https:\/\/archive.sana.sy\/tr\/index.php?rest_route=\/wp\/v2\/posts\/80689\/revisions"}],"wp:featuredmedia":[{"embeddable":true,"href":"https:\/\/archive.sana.sy\/tr\/index.php?rest_route=\/wp\/v2\/media\/80701"}],"wp:attachment":[{"href":"https:\/\/archive.sana.sy\/tr\/index.php?rest_route=%2Fwp%2Fv2%2Fmedia&parent=80689"}],"wp:term":[{"taxonomy":"category","embeddable":true,"href":"https:\/\/archive.sana.sy\/tr\/index.php?rest_route=%2Fwp%2Fv2%2Fcategories&post=80689"},{"taxonomy":"post_tag","embeddable":true,"href":"https:\/\/archive.sana.sy\/tr\/index.php?rest_route=%2Fwp%2Fv2%2Ftags&post=80689"}],"curies":[{"name":"wp","href":"https:\/\/api.w.org\/{rel}","templated":true}]}}