{"id":80693,"date":"2016-07-25T11:16:44","date_gmt":"2016-07-25T08:16:44","guid":{"rendered":"http:\/\/www.sana.sy\/tr\/?p=80693"},"modified":"2016-07-25T14:30:52","modified_gmt":"2016-07-25T11:30:52","slug":"kendisine-eslik-eden-heyet-ile-birlikte-suriye-ziyaretinde-tanik-oldugu-ulusalci-tutuma-vurgu-yapan-kibris-baspiskoposu-bunun-suriye-ve-suriyelilerin-krizden-kurtulma-ve-sanli-bir-zaferle-teroru-yok","status":"publish","type":"post","link":"https:\/\/archive.sana.sy\/tr\/?p=80693","title":{"rendered":"Kendisine e\u015flik eden heyet ile birlikte Suriye ziyaretinde tan\u0131k oldu\u011fu ulusalc\u0131 tutuma vurgu yapan K\u0131br\u0131s Ba\u015fpiskoposu, bunun Suriye ve Suriyelilerin krizden kurtulma ve \u015fanl\u0131 bir zaferle ter\u00f6r\u00fc yok etmeleri y\u00f6n\u00fcnde ilerlediklerinin kan\u0131t\u0131 oldu\u011funu iade etti."},"content":{"rendered":"<p>Kendisine e\u015flik eden heyet ile birlikte Suriye ziyaretinde tan\u0131k oldu\u011fu ulusalc\u0131 tutuma vurgu yapan K\u0131br\u0131s Ba\u015fpiskoposu, bunun Suriye ve Suriyelilerin krizden kurtulma ve \u015fanl\u0131 bir zaferle ter\u00f6r\u00fc yok etmeleri y\u00f6n\u00fcnde ilerlediklerinin kan\u0131t\u0131 oldu\u011funu iade etti.<\/p>\n","protected":false},"excerpt":{"rendered":"<p>Kendisine e\u015flik eden heyet ile birlikte Suriye ziyaretinde tan\u0131k oldu\u011fu ulusalc\u0131 tutuma vurgu yapan K\u0131br\u0131s Ba\u015fpiskoposu, bunun Suriye ve Suriyelilerin krizden kurtulma ve \u015fanl\u0131 bir zaferle ter\u00f6r\u00fc yok etmeleri y\u00f6n\u00fcnde ilerlediklerinin kan\u0131t\u0131 oldu\u011funu iade etti.<\/p>\n","protected":false},"author":1,"featured_media":0,"comment_status":"closed","ping_status":"closed","sticky":false,"template":"","format":"standard","meta":{"footnotes":""},"categories":[17991],"tags":[],"class_list":["post-80693","post","type-post","status-publish","format-standard","","category-son-dakika"],"_links":{"self":[{"href":"https:\/\/archive.sana.sy\/tr\/index.php?rest_route=\/wp\/v2\/posts\/80693","targetHints":{"allow":["GET"]}}],"collection":[{"href":"https:\/\/archive.sana.sy\/tr\/index.php?rest_route=\/wp\/v2\/posts"}],"about":[{"href":"https:\/\/archive.sana.sy\/tr\/index.php?rest_route=\/wp\/v2\/types\/post"}],"author":[{"embeddable":true,"href":"https:\/\/archive.sana.sy\/tr\/index.php?rest_route=\/wp\/v2\/users\/1"}],"replies":[{"embeddable":true,"href":"https:\/\/archive.sana.sy\/tr\/index.php?rest_route=%2Fwp%2Fv2%2Fcomments&post=80693"}],"version-history":[{"count":0,"href":"https:\/\/archive.sana.sy\/tr\/index.php?rest_route=\/wp\/v2\/posts\/80693\/revisions"}],"wp:attachment":[{"href":"https:\/\/archive.sana.sy\/tr\/index.php?rest_route=%2Fwp%2Fv2%2Fmedia&parent=80693"}],"wp:term":[{"taxonomy":"category","embeddable":true,"href":"https:\/\/archive.sana.sy\/tr\/index.php?rest_route=%2Fwp%2Fv2%2Fcategories&post=80693"},{"taxonomy":"post_tag","embeddable":true,"href":"https:\/\/archive.sana.sy\/tr\/index.php?rest_route=%2Fwp%2Fv2%2Ftags&post=80693"}],"curies":[{"name":"wp","href":"https:\/\/api.w.org\/{rel}","templated":true}]}}