{"id":80694,"date":"2016-07-25T11:13:47","date_gmt":"2016-07-25T08:13:47","guid":{"rendered":"http:\/\/www.sana.sy\/tr\/?p=80694"},"modified":"2016-07-25T14:30:32","modified_gmt":"2016-07-25T11:30:32","slug":"baspiskopos-tum-avrupa-devletlerinin-suriye-ile-iliskilerini-yeniden-gozden-gecirip-duzeltmeleri-ve-zalim-ekonomik-yaptirimlari-kaldirmalarinda-bu-ulkelerin-cikarlari-oldugunu-vurguladi","status":"publish","type":"post","link":"https:\/\/archive.sana.sy\/tr\/?p=80694","title":{"rendered":"Ba\u015fpiskopos t\u00fcm Avrupa devletlerinin Suriye ile ili\u015fkilerini yeniden g\u00f6zden ge\u00e7irip d\u00fczeltmeleri ve zalim ekonomik yapt\u0131r\u0131mlar\u0131 kald\u0131rmalar\u0131nda bu \u00fclkelerin \u00e7\u0131karlar\u0131 oldu\u011funu vurgulad\u0131"},"content":{"rendered":"<p>Ba\u015fpiskopos t\u00fcm Avrupa devletlerinin Suriye ile ili\u015fkilerini yeniden g\u00f6zden ge\u00e7irip d\u00fczeltmeleri ve zalim ekonomik yapt\u0131r\u0131mlar\u0131 kald\u0131rmalar\u0131nda bu \u00fclkelerin \u00e7\u0131karlar\u0131 oldu\u011funu vurgulad\u0131<\/p>\n","protected":false},"excerpt":{"rendered":"<p>Ba\u015fpiskopos t\u00fcm Avrupa devletlerinin Suriye ile ili\u015fkilerini yeniden g\u00f6zden ge\u00e7irip d\u00fczeltmeleri ve zalim ekonomik yapt\u0131r\u0131mlar\u0131 kald\u0131rmalar\u0131nda bu \u00fclkelerin \u00e7\u0131karlar\u0131 oldu\u011funu vurgulad\u0131<\/p>\n","protected":false},"author":1,"featured_media":0,"comment_status":"closed","ping_status":"closed","sticky":false,"template":"","format":"standard","meta":{"footnotes":""},"categories":[17991],"tags":[],"class_list":["post-80694","post","type-post","status-publish","format-standard","","category-son-dakika"],"_links":{"self":[{"href":"https:\/\/archive.sana.sy\/tr\/index.php?rest_route=\/wp\/v2\/posts\/80694","targetHints":{"allow":["GET"]}}],"collection":[{"href":"https:\/\/archive.sana.sy\/tr\/index.php?rest_route=\/wp\/v2\/posts"}],"about":[{"href":"https:\/\/archive.sana.sy\/tr\/index.php?rest_route=\/wp\/v2\/types\/post"}],"author":[{"embeddable":true,"href":"https:\/\/archive.sana.sy\/tr\/index.php?rest_route=\/wp\/v2\/users\/1"}],"replies":[{"embeddable":true,"href":"https:\/\/archive.sana.sy\/tr\/index.php?rest_route=%2Fwp%2Fv2%2Fcomments&post=80694"}],"version-history":[{"count":0,"href":"https:\/\/archive.sana.sy\/tr\/index.php?rest_route=\/wp\/v2\/posts\/80694\/revisions"}],"wp:attachment":[{"href":"https:\/\/archive.sana.sy\/tr\/index.php?rest_route=%2Fwp%2Fv2%2Fmedia&parent=80694"}],"wp:term":[{"taxonomy":"category","embeddable":true,"href":"https:\/\/archive.sana.sy\/tr\/index.php?rest_route=%2Fwp%2Fv2%2Fcategories&post=80694"},{"taxonomy":"post_tag","embeddable":true,"href":"https:\/\/archive.sana.sy\/tr\/index.php?rest_route=%2Fwp%2Fv2%2Ftags&post=80694"}],"curies":[{"name":"wp","href":"https:\/\/api.w.org\/{rel}","templated":true}]}}