{"id":8070,"date":"2014-08-23T23:28:28","date_gmt":"2014-08-23T20:28:28","guid":{"rendered":"http:\/\/www.sana.sy\/tr\/?p=8070"},"modified":"2014-08-23T23:28:28","modified_gmt":"2014-08-23T20:28:28","slug":"yermukte-insani-yardim-dagitma-calismalari-devam-ediyor","status":"publish","type":"post","link":"https:\/\/archive.sana.sy\/tr\/?p=8070","title":{"rendered":"Yerm\u00fck\u2019te \u0130nsani Yard\u0131m Da\u011f\u0131tma \u00c7al\u0131\u015fmalar\u0131 Devam Ediyor"},"content":{"rendered":"<p>\u015eAM \u2013 Birle\u015fmi\u015f Milletlere tabi Filistinli Arap M\u00fcltecileri \u00c7al\u0131\u015ft\u0131rma ve Yard\u0131m Ajans\u0131 UNRWA ve Filistin Kurtulu\u015f \u00d6rg\u00fct\u00fc FK\u00d6 bug\u00fcn Suriye h\u00fck\u00fcmetinin deste\u011fi ve \u0130nsani Yard\u0131m Y\u00fcksek Komitesinin g\u00f6zetimiyle bug\u00fcn \u015eam\u2019da Filistinli m\u00fcltecilerin yo\u011fun olarak ya\u015fad\u0131klar\u0131 Yerm\u00fck Semtinde ter\u00f6r gruplar\u0131 taraf\u0131ndan ablukaya al\u0131nm\u0131\u015f ailelere insani yard\u0131m da\u011f\u0131tma \u00e7al\u0131\u015fmalar\u0131n\u0131 \u00fc\u00e7\u00fcnc\u00fc g\u00fcn\u00fcnde s\u00fcrd\u00fcrd\u00fc.<\/p>\n<p>\u0130nsani yard\u0131mlar\u0131n da\u011f\u0131t\u0131lmas\u0131na kat\u0131lan Filistinli Arap M\u00fclteciler Genel Kurulu M\u00fcd\u00fcr\u00fc Ali Mustaf bug\u00fcn da\u011f\u0131t\u0131lan insani yard\u0131mlar\u0131n sebze ve meyvelerle birlikte 497 g\u0131da paketi ve 339 t\u0131bbi yard\u0131m paketinden ibaret oldu\u011funu a\u00e7\u0131klad\u0131.<\/p>\n<p>\u0130nsani yard\u0131mlar\u0131n semtte bulunan Filistinli m\u00fclteciler ve Suriyelilere da\u011f\u0131t\u0131ld\u0131\u011f\u0131n\u0131 belirten Mustafa; ayn\u0131 zamanda insani yard\u0131m merkezinde kurulan mobil polikliniklerde hastalara tedavi yap\u0131l\u0131p ila\u00e7 da\u011f\u0131t\u0131ld\u0131\u011f\u0131n\u0131 s\u00f6yledi.<\/p>\n","protected":false},"excerpt":{"rendered":"<p>\u015eAM \u2013 Birle\u015fmi\u015f Milletlere tabi Filistinli Arap M\u00fcltecileri \u00c7al\u0131\u015ft\u0131rma ve Yard\u0131m Ajans\u0131 UNRWA ve Filistin Kurtulu\u015f \u00d6rg\u00fct\u00fc FK\u00d6 bug\u00fcn Suriye h\u00fck\u00fcmetinin deste\u011fi ve \u0130nsani Yard\u0131m Y\u00fcksek Komitesinin g\u00f6zetimiyle bug\u00fcn \u015eam\u2019da Filistinli m\u00fcltecilerin yo\u011fun olarak ya\u015fad\u0131klar\u0131 Yerm\u00fck Semtinde ter\u00f6r gruplar\u0131 taraf\u0131ndan ablukaya al\u0131nm\u0131\u015f ailelere insani yard\u0131m da\u011f\u0131tma \u00e7al\u0131\u015fmalar\u0131n\u0131 \u00fc\u00e7\u00fcnc\u00fc g\u00fcn\u00fcnde s\u00fcrd\u00fcrd\u00fc. \u0130nsani yard\u0131mlar\u0131n da\u011f\u0131t\u0131lmas\u0131na kat\u0131lan Filistinli &hellip;<\/p>\n","protected":false},"author":1,"featured_media":8071,"comment_status":"closed","ping_status":"closed","sticky":false,"template":"","format":"standard","meta":{"footnotes":""},"categories":[479,575,478],"tags":[1801],"class_list":["post-8070","post","type-post","status-publish","format-standard","has-post-thumbnail","","category-haberler-yerel","category-olaylar-ve-gercekler","category-yerel","tag-yermukte-insani-yardim-dagitma-calismalari-devam-ediyor"],"_links":{"self":[{"href":"https:\/\/archive.sana.sy\/tr\/index.php?rest_route=\/wp\/v2\/posts\/8070","targetHints":{"allow":["GET"]}}],"collection":[{"href":"https:\/\/archive.sana.sy\/tr\/index.php?rest_route=\/wp\/v2\/posts"}],"about":[{"href":"https:\/\/archive.sana.sy\/tr\/index.php?rest_route=\/wp\/v2\/types\/post"}],"author":[{"embeddable":true,"href":"https:\/\/archive.sana.sy\/tr\/index.php?rest_route=\/wp\/v2\/users\/1"}],"replies":[{"embeddable":true,"href":"https:\/\/archive.sana.sy\/tr\/index.php?rest_route=%2Fwp%2Fv2%2Fcomments&post=8070"}],"version-history":[{"count":0,"href":"https:\/\/archive.sana.sy\/tr\/index.php?rest_route=\/wp\/v2\/posts\/8070\/revisions"}],"wp:featuredmedia":[{"embeddable":true,"href":"https:\/\/archive.sana.sy\/tr\/index.php?rest_route=\/wp\/v2\/media\/8071"}],"wp:attachment":[{"href":"https:\/\/archive.sana.sy\/tr\/index.php?rest_route=%2Fwp%2Fv2%2Fmedia&parent=8070"}],"wp:term":[{"taxonomy":"category","embeddable":true,"href":"https:\/\/archive.sana.sy\/tr\/index.php?rest_route=%2Fwp%2Fv2%2Fcategories&post=8070"},{"taxonomy":"post_tag","embeddable":true,"href":"https:\/\/archive.sana.sy\/tr\/index.php?rest_route=%2Fwp%2Fv2%2Ftags&post=8070"}],"curies":[{"name":"wp","href":"https:\/\/api.w.org\/{rel}","templated":true}]}}