{"id":80707,"date":"2016-07-25T11:43:18","date_gmt":"2016-07-25T08:43:18","guid":{"rendered":"http:\/\/www.sana.sy\/tr\/?p=80707"},"modified":"2016-07-25T15:00:55","modified_gmt":"2016-07-25T12:00:55","slug":"011-2227512rusya-disisleri-bakani-sergey-lavrov-baska-devletlerde-yonetimlerin-degistirilmesine-nifak-cagrisi-yapanlarin-ya-dar-goruslu-sahislar-odluklarini-baska-devletleri-kendi-cikarlari-ugruna-y","status":"publish","type":"post","link":"https:\/\/archive.sana.sy\/tr\/?p=80707","title":{"rendered":"011 2227512Rusya D\u0131\u015fi\u015fleri Bakan\u0131 Sergey Lavrov; ba\u015fka devletlerde y\u00f6netimlerin de\u011fi\u015ftirilmesine nifak \u00e7a\u011fr\u0131s\u0131 yapanlar\u0131n ya dar g\u00f6r\u00fc\u015fl\u00fc \u015fah\u0131slar odluklar\u0131n\u0131, ba\u015fka devletleri kendi \u00e7\u0131karlar\u0131 u\u011fruna y\u0131kmaya \u00e7al\u0131\u015fan \u015fer g\u00fc\u00e7ler olduklar\u0131n\u0131 belirtti"},"content":{"rendered":"<p>011 2227512Rusya D\u0131\u015fi\u015fleri Bakan\u0131 Sergey Lavrov; ba\u015fka devletlerde y\u00f6netimlerin de\u011fi\u015ftirilmesine nifak \u00e7a\u011fr\u0131s\u0131 yapanlar\u0131n ya dar g\u00f6r\u00fc\u015fl\u00fc \u015fah\u0131slar odluklar\u0131n\u0131, ba\u015fka devletleri kendi \u00e7\u0131karlar\u0131 u\u011fruna y\u0131kmaya \u00e7al\u0131\u015fan \u015fer g\u00fc\u00e7ler olduklar\u0131n\u0131 belirtti<\/p>\n","protected":false},"excerpt":{"rendered":"<p>011 2227512Rusya D\u0131\u015fi\u015fleri Bakan\u0131 Sergey Lavrov; ba\u015fka devletlerde y\u00f6netimlerin de\u011fi\u015ftirilmesine nifak \u00e7a\u011fr\u0131s\u0131 yapanlar\u0131n ya dar g\u00f6r\u00fc\u015fl\u00fc \u015fah\u0131slar odluklar\u0131n\u0131, ba\u015fka devletleri kendi \u00e7\u0131karlar\u0131 u\u011fruna y\u0131kmaya \u00e7al\u0131\u015fan \u015fer g\u00fc\u00e7ler olduklar\u0131n\u0131 belirtti<\/p>\n","protected":false},"author":1,"featured_media":0,"comment_status":"closed","ping_status":"closed","sticky":false,"template":"","format":"standard","meta":{"footnotes":""},"categories":[17991],"tags":[],"class_list":["post-80707","post","type-post","status-publish","format-standard","","category-son-dakika"],"_links":{"self":[{"href":"https:\/\/archive.sana.sy\/tr\/index.php?rest_route=\/wp\/v2\/posts\/80707","targetHints":{"allow":["GET"]}}],"collection":[{"href":"https:\/\/archive.sana.sy\/tr\/index.php?rest_route=\/wp\/v2\/posts"}],"about":[{"href":"https:\/\/archive.sana.sy\/tr\/index.php?rest_route=\/wp\/v2\/types\/post"}],"author":[{"embeddable":true,"href":"https:\/\/archive.sana.sy\/tr\/index.php?rest_route=\/wp\/v2\/users\/1"}],"replies":[{"embeddable":true,"href":"https:\/\/archive.sana.sy\/tr\/index.php?rest_route=%2Fwp%2Fv2%2Fcomments&post=80707"}],"version-history":[{"count":0,"href":"https:\/\/archive.sana.sy\/tr\/index.php?rest_route=\/wp\/v2\/posts\/80707\/revisions"}],"wp:attachment":[{"href":"https:\/\/archive.sana.sy\/tr\/index.php?rest_route=%2Fwp%2Fv2%2Fmedia&parent=80707"}],"wp:term":[{"taxonomy":"category","embeddable":true,"href":"https:\/\/archive.sana.sy\/tr\/index.php?rest_route=%2Fwp%2Fv2%2Fcategories&post=80707"},{"taxonomy":"post_tag","embeddable":true,"href":"https:\/\/archive.sana.sy\/tr\/index.php?rest_route=%2Fwp%2Fv2%2Ftags&post=80707"}],"curies":[{"name":"wp","href":"https:\/\/api.w.org\/{rel}","templated":true}]}}