{"id":80723,"date":"2016-07-25T11:48:37","date_gmt":"2016-07-25T08:48:37","guid":{"rendered":"http:\/\/www.sana.sy\/tr\/?p=80723"},"modified":"2016-07-25T15:01:24","modified_gmt":"2016-07-25T12:01:24","slug":"isid-teror-orgutunun-vahsetine-dikkat-ceken-lavrov-din-adi-altinda-siddet-ve-radikal-dusunceleri-yaymaya-calisan-bu-orgut-liderlerinin-tumunun-aslinda-din-ile-hicbir-iliskileri-olmadigina-belirtti-l","status":"publish","type":"post","link":"https:\/\/archive.sana.sy\/tr\/?p=80723","title":{"rendered":"I\u015e\u0130D ter\u00f6r \u00f6rg\u00fct\u00fcn\u00fcn vah\u015fetine dikkat \u00e7eken Lavrov; din ad\u0131 alt\u0131nda \u015fiddet ve radikal d\u00fc\u015f\u00fcnceleri yaymaya \u00e7al\u0131\u015fan bu \u00f6rg\u00fct liderlerinin t\u00fcm\u00fcn\u00fcn asl\u0131nda din ile hi\u00e7bir ili\u015fkileri olmad\u0131\u011f\u0131na belirtti. Lavrov, bu tekfirci ter\u00f6r \u00f6rg\u00fct\u00fcn\u00fcn tek amac\u0131n\u0131n para ve y\u00f6netimi ele ge\u00e7irmek oldu\u011funu s\u00f6yledi"},"content":{"rendered":"<p>I\u015e\u0130D ter\u00f6r \u00f6rg\u00fct\u00fcn\u00fcn vah\u015fetine dikkat \u00e7eken Lavrov; din ad\u0131 alt\u0131nda \u015fiddet ve radikal d\u00fc\u015f\u00fcnceleri yaymaya \u00e7al\u0131\u015fan bu \u00f6rg\u00fct liderlerinin t\u00fcm\u00fcn\u00fcn asl\u0131nda din ile hi\u00e7bir ili\u015fkileri olmad\u0131\u011f\u0131na belirtti. Lavrov, bu tekfirci ter\u00f6r \u00f6rg\u00fct\u00fcn\u00fcn tek amac\u0131n\u0131n para ve y\u00f6netimi ele ge\u00e7irmek oldu\u011funu s\u00f6yledi<\/p>\n","protected":false},"excerpt":{"rendered":"<p>I\u015e\u0130D ter\u00f6r \u00f6rg\u00fct\u00fcn\u00fcn vah\u015fetine dikkat \u00e7eken Lavrov; din ad\u0131 alt\u0131nda \u015fiddet ve radikal d\u00fc\u015f\u00fcnceleri yaymaya \u00e7al\u0131\u015fan bu \u00f6rg\u00fct liderlerinin t\u00fcm\u00fcn\u00fcn asl\u0131nda din ile hi\u00e7bir ili\u015fkileri olmad\u0131\u011f\u0131na belirtti. Lavrov, bu tekfirci ter\u00f6r \u00f6rg\u00fct\u00fcn\u00fcn tek amac\u0131n\u0131n para ve y\u00f6netimi ele ge\u00e7irmek oldu\u011funu s\u00f6yledi<\/p>\n","protected":false},"author":1,"featured_media":0,"comment_status":"closed","ping_status":"closed","sticky":false,"template":"","format":"standard","meta":{"footnotes":""},"categories":[17991],"tags":[],"class_list":["post-80723","post","type-post","status-publish","format-standard","","category-son-dakika"],"_links":{"self":[{"href":"https:\/\/archive.sana.sy\/tr\/index.php?rest_route=\/wp\/v2\/posts\/80723","targetHints":{"allow":["GET"]}}],"collection":[{"href":"https:\/\/archive.sana.sy\/tr\/index.php?rest_route=\/wp\/v2\/posts"}],"about":[{"href":"https:\/\/archive.sana.sy\/tr\/index.php?rest_route=\/wp\/v2\/types\/post"}],"author":[{"embeddable":true,"href":"https:\/\/archive.sana.sy\/tr\/index.php?rest_route=\/wp\/v2\/users\/1"}],"replies":[{"embeddable":true,"href":"https:\/\/archive.sana.sy\/tr\/index.php?rest_route=%2Fwp%2Fv2%2Fcomments&post=80723"}],"version-history":[{"count":0,"href":"https:\/\/archive.sana.sy\/tr\/index.php?rest_route=\/wp\/v2\/posts\/80723\/revisions"}],"wp:attachment":[{"href":"https:\/\/archive.sana.sy\/tr\/index.php?rest_route=%2Fwp%2Fv2%2Fmedia&parent=80723"}],"wp:term":[{"taxonomy":"category","embeddable":true,"href":"https:\/\/archive.sana.sy\/tr\/index.php?rest_route=%2Fwp%2Fv2%2Fcategories&post=80723"},{"taxonomy":"post_tag","embeddable":true,"href":"https:\/\/archive.sana.sy\/tr\/index.php?rest_route=%2Fwp%2Fv2%2Ftags&post=80723"}],"curies":[{"name":"wp","href":"https:\/\/api.w.org\/{rel}","templated":true}]}}