{"id":80731,"date":"2016-07-25T12:02:44","date_gmt":"2016-07-25T09:02:44","guid":{"rendered":"http:\/\/www.sana.sy\/tr\/?p=80731"},"modified":"2016-07-25T15:03:51","modified_gmt":"2016-07-25T12:03:51","slug":"rusya-federasyonu-baskani-vladimir-putin-terorle-mucadele-kavraminin-suriye-irak-libya-ve-yemende-krizlerin-siyasi-cozum-cabalariyla-ortaklasa-ve-dengeli-bir-sekilde-yurutulmesi-gerektigin","status":"publish","type":"post","link":"https:\/\/archive.sana.sy\/tr\/?p=80731","title":{"rendered":"Rusya Federasyonu Ba\u015fkan\u0131 Vladimir Putin ter\u00f6rle m\u00fccadele kavram\u0131n\u0131n, Suriye, Irak, Libya ve Yemen\u2019de krizlerin siyasi \u00e7\u00f6z\u00fcm \u00e7abalar\u0131yla ortakla\u015fa ve dengeli bir \u015fekilde y\u00fcr\u00fct\u00fclmesi gerekti\u011fini vurgulad\u0131"},"content":{"rendered":"<p>Rusya Federasyonu Ba\u015fkan\u0131 Vladimir Putin ter\u00f6rle m\u00fccadele kavram\u0131n\u0131n, Suriye, Irak, Libya ve Yemen\u2019de krizlerin siyasi \u00e7\u00f6z\u00fcm \u00e7abalar\u0131yla ortakla\u015fa ve dengeli bir \u015fekilde y\u00fcr\u00fct\u00fclmesi gerekti\u011fini vurgulad\u0131<\/p>\n","protected":false},"excerpt":{"rendered":"<p>Rusya Federasyonu Ba\u015fkan\u0131 Vladimir Putin ter\u00f6rle m\u00fccadele kavram\u0131n\u0131n, Suriye, Irak, Libya ve Yemen\u2019de krizlerin siyasi \u00e7\u00f6z\u00fcm \u00e7abalar\u0131yla ortakla\u015fa ve dengeli bir \u015fekilde y\u00fcr\u00fct\u00fclmesi gerekti\u011fini vurgulad\u0131<\/p>\n","protected":false},"author":1,"featured_media":0,"comment_status":"closed","ping_status":"closed","sticky":false,"template":"","format":"standard","meta":{"footnotes":""},"categories":[17991],"tags":[],"class_list":["post-80731","post","type-post","status-publish","format-standard","","category-son-dakika"],"_links":{"self":[{"href":"https:\/\/archive.sana.sy\/tr\/index.php?rest_route=\/wp\/v2\/posts\/80731","targetHints":{"allow":["GET"]}}],"collection":[{"href":"https:\/\/archive.sana.sy\/tr\/index.php?rest_route=\/wp\/v2\/posts"}],"about":[{"href":"https:\/\/archive.sana.sy\/tr\/index.php?rest_route=\/wp\/v2\/types\/post"}],"author":[{"embeddable":true,"href":"https:\/\/archive.sana.sy\/tr\/index.php?rest_route=\/wp\/v2\/users\/1"}],"replies":[{"embeddable":true,"href":"https:\/\/archive.sana.sy\/tr\/index.php?rest_route=%2Fwp%2Fv2%2Fcomments&post=80731"}],"version-history":[{"count":0,"href":"https:\/\/archive.sana.sy\/tr\/index.php?rest_route=\/wp\/v2\/posts\/80731\/revisions"}],"wp:attachment":[{"href":"https:\/\/archive.sana.sy\/tr\/index.php?rest_route=%2Fwp%2Fv2%2Fmedia&parent=80731"}],"wp:term":[{"taxonomy":"category","embeddable":true,"href":"https:\/\/archive.sana.sy\/tr\/index.php?rest_route=%2Fwp%2Fv2%2Fcategories&post=80731"},{"taxonomy":"post_tag","embeddable":true,"href":"https:\/\/archive.sana.sy\/tr\/index.php?rest_route=%2Fwp%2Fv2%2Ftags&post=80731"}],"curies":[{"name":"wp","href":"https:\/\/api.w.org\/{rel}","templated":true}]}}