{"id":80744,"date":"2016-07-25T09:06:20","date_gmt":"2016-07-25T06:06:20","guid":{"rendered":"http:\/\/www.sana.sy\/tr\/?p=80744"},"modified":"2016-07-25T15:08:16","modified_gmt":"2016-07-25T12:08:16","slug":"basbakan-imad-hamis-ve-bakanlarin-katildiklari-toplanti-acilisinda-meclis-baskani-abbas-vatandaslarin-yeni-hukumete-buyuk-umutlar-bagladiklarina-dikkat-cekti","status":"publish","type":"post","link":"https:\/\/archive.sana.sy\/tr\/?p=80744","title":{"rendered":"Ba\u015fbakan \u0130mad Hamis ve bakanlar\u0131n kat\u0131ld\u0131klar\u0131 toplant\u0131 a\u00e7\u0131l\u0131\u015f\u0131nda Meclis Ba\u015fkan\u0131 Abbas; vatanda\u015flar\u0131n yeni h\u00fck\u00fcmete b\u00fcy\u00fck umutlar ba\u011flad\u0131klar\u0131na dikkat \u00e7ekti"},"content":{"rendered":"<p>Ba\u015fbakan \u0130mad Hamis ve bakanlar\u0131n kat\u0131ld\u0131klar\u0131 toplant\u0131 a\u00e7\u0131l\u0131\u015f\u0131nda Meclis Ba\u015fkan\u0131 Abbas; vatanda\u015flar\u0131n yeni h\u00fck\u00fcmete b\u00fcy\u00fck umutlar ba\u011flad\u0131klar\u0131na dikkat \u00e7ekti<\/p>\n","protected":false},"excerpt":{"rendered":"<p>Ba\u015fbakan \u0130mad Hamis ve bakanlar\u0131n kat\u0131ld\u0131klar\u0131 toplant\u0131 a\u00e7\u0131l\u0131\u015f\u0131nda Meclis Ba\u015fkan\u0131 Abbas; vatanda\u015flar\u0131n yeni h\u00fck\u00fcmete b\u00fcy\u00fck umutlar ba\u011flad\u0131klar\u0131na dikkat \u00e7ekti<\/p>\n","protected":false},"author":1,"featured_media":0,"comment_status":"closed","ping_status":"closed","sticky":false,"template":"","format":"standard","meta":{"footnotes":""},"categories":[17991],"tags":[],"class_list":["post-80744","post","type-post","status-publish","format-standard","","category-son-dakika"],"_links":{"self":[{"href":"https:\/\/archive.sana.sy\/tr\/index.php?rest_route=\/wp\/v2\/posts\/80744","targetHints":{"allow":["GET"]}}],"collection":[{"href":"https:\/\/archive.sana.sy\/tr\/index.php?rest_route=\/wp\/v2\/posts"}],"about":[{"href":"https:\/\/archive.sana.sy\/tr\/index.php?rest_route=\/wp\/v2\/types\/post"}],"author":[{"embeddable":true,"href":"https:\/\/archive.sana.sy\/tr\/index.php?rest_route=\/wp\/v2\/users\/1"}],"replies":[{"embeddable":true,"href":"https:\/\/archive.sana.sy\/tr\/index.php?rest_route=%2Fwp%2Fv2%2Fcomments&post=80744"}],"version-history":[{"count":0,"href":"https:\/\/archive.sana.sy\/tr\/index.php?rest_route=\/wp\/v2\/posts\/80744\/revisions"}],"wp:attachment":[{"href":"https:\/\/archive.sana.sy\/tr\/index.php?rest_route=%2Fwp%2Fv2%2Fmedia&parent=80744"}],"wp:term":[{"taxonomy":"category","embeddable":true,"href":"https:\/\/archive.sana.sy\/tr\/index.php?rest_route=%2Fwp%2Fv2%2Fcategories&post=80744"},{"taxonomy":"post_tag","embeddable":true,"href":"https:\/\/archive.sana.sy\/tr\/index.php?rest_route=%2Fwp%2Fv2%2Ftags&post=80744"}],"curies":[{"name":"wp","href":"https:\/\/api.w.org\/{rel}","templated":true}]}}