{"id":80745,"date":"2016-07-25T09:12:42","date_gmt":"2016-07-25T06:12:42","guid":{"rendered":"http:\/\/www.sana.sy\/tr\/?p=80745"},"modified":"2016-07-25T15:09:12","modified_gmt":"2016-07-25T12:09:12","slug":"basarinin-temel-adiminin-kanun-egemenligi-ve-sosyal-esitlik-oldugunun-altini-cizen-abbas-yasama-kurumu-olan-halk-meclisinin-uygulama-kurumu-olan-hukumet-ile-vatan-ve-vatandaslarin-cikarlarina-hizmet","status":"publish","type":"post","link":"https:\/\/archive.sana.sy\/tr\/?p=80745","title":{"rendered":"Ba\u015far\u0131n\u0131n temel ad\u0131m\u0131n\u0131n kanun egemenli\u011fi ve sosyal e\u015fitlik oldu\u011funun alt\u0131n\u0131 \u00e7izen Abbas; yasama kurumu olan Halk Meclisinin, uygulama kurumu olan h\u00fck\u00fcmet ile vatan ve vatanda\u015flar\u0131n \u00e7\u0131karlar\u0131na hizmet edecek her kanun ve yasay\u0131 yeniden d\u00fczenlemede i\u015fbirli\u011fine haz\u0131r oldu\u011funu ifade etti"},"content":{"rendered":"<p>Ba\u015far\u0131n\u0131n temel ad\u0131m\u0131n\u0131n kanun egemenli\u011fi ve sosyal e\u015fitlik oldu\u011funun alt\u0131n\u0131 \u00e7izen Abbas; yasama kurumu olan Halk Meclisinin, uygulama kurumu olan h\u00fck\u00fcmet ile vatan ve vatanda\u015flar\u0131n \u00e7\u0131karlar\u0131na hizmet edecek her kanun ve yasay\u0131 yeniden d\u00fczenlemede i\u015fbirli\u011fine haz\u0131r oldu\u011funu ifade etti<\/p>\n","protected":false},"excerpt":{"rendered":"<p>Ba\u015far\u0131n\u0131n temel ad\u0131m\u0131n\u0131n kanun egemenli\u011fi ve sosyal e\u015fitlik oldu\u011funun alt\u0131n\u0131 \u00e7izen Abbas; yasama kurumu olan Halk Meclisinin, uygulama kurumu olan h\u00fck\u00fcmet ile vatan ve vatanda\u015flar\u0131n \u00e7\u0131karlar\u0131na hizmet edecek her kanun ve yasay\u0131 yeniden d\u00fczenlemede i\u015fbirli\u011fine haz\u0131r oldu\u011funu ifade etti<\/p>\n","protected":false},"author":1,"featured_media":0,"comment_status":"closed","ping_status":"closed","sticky":false,"template":"","format":"standard","meta":{"footnotes":""},"categories":[17991],"tags":[],"class_list":["post-80745","post","type-post","status-publish","format-standard","","category-son-dakika"],"_links":{"self":[{"href":"https:\/\/archive.sana.sy\/tr\/index.php?rest_route=\/wp\/v2\/posts\/80745","targetHints":{"allow":["GET"]}}],"collection":[{"href":"https:\/\/archive.sana.sy\/tr\/index.php?rest_route=\/wp\/v2\/posts"}],"about":[{"href":"https:\/\/archive.sana.sy\/tr\/index.php?rest_route=\/wp\/v2\/types\/post"}],"author":[{"embeddable":true,"href":"https:\/\/archive.sana.sy\/tr\/index.php?rest_route=\/wp\/v2\/users\/1"}],"replies":[{"embeddable":true,"href":"https:\/\/archive.sana.sy\/tr\/index.php?rest_route=%2Fwp%2Fv2%2Fcomments&post=80745"}],"version-history":[{"count":0,"href":"https:\/\/archive.sana.sy\/tr\/index.php?rest_route=\/wp\/v2\/posts\/80745\/revisions"}],"wp:attachment":[{"href":"https:\/\/archive.sana.sy\/tr\/index.php?rest_route=%2Fwp%2Fv2%2Fmedia&parent=80745"}],"wp:term":[{"taxonomy":"category","embeddable":true,"href":"https:\/\/archive.sana.sy\/tr\/index.php?rest_route=%2Fwp%2Fv2%2Fcategories&post=80745"},{"taxonomy":"post_tag","embeddable":true,"href":"https:\/\/archive.sana.sy\/tr\/index.php?rest_route=%2Fwp%2Fv2%2Ftags&post=80745"}],"curies":[{"name":"wp","href":"https:\/\/api.w.org\/{rel}","templated":true}]}}