{"id":80749,"date":"2016-07-25T09:15:27","date_gmt":"2016-07-25T06:15:27","guid":{"rendered":"http:\/\/www.sana.sy\/tr\/?p=80749"},"modified":"2016-07-25T15:09:37","modified_gmt":"2016-07-25T12:09:37","slug":"oturumda-konusan-basbakan-hamis-hukumetin-bu-surec-icinde-calismalarinda-temel-odagin-sehitlerimizin-kanlari-ve-kahraman-ve-vatan-koruyucularimizin-fedakarliklarina-vefanin-yani-sira-suriye-ve-ordus","status":"publish","type":"post","link":"https:\/\/archive.sana.sy\/tr\/?p=80749","title":{"rendered":"Oturumda konu\u015fan Ba\u015fbakan Hamis; h\u00fck\u00fcmetin bu s\u00fcre\u00e7 i\u00e7inde \u00e7al\u0131\u015fmalar\u0131nda temel oda\u011f\u0131n, \u015fehitlerimizin kanlar\u0131 ve kahraman ve vatan koruyucular\u0131m\u0131z\u0131n fedakarl\u0131klar\u0131na vefan\u0131n yan\u0131 s\u0131ra Suriye ve ordusunun m\u00fccadele g\u00fcc\u00fcn\u00fc peki\u015ftirme, vatanda\u015flar\u0131n ihtiya\u00e7lar\u0131n\u0131 da kar\u015f\u0131lamak oldu\u011funun alt\u0131n\u0131 \u00e7izdi"},"content":{"rendered":"<p>Oturumda konu\u015fan Ba\u015fbakan Hamis; h\u00fck\u00fcmetin bu s\u00fcre\u00e7 i\u00e7inde \u00e7al\u0131\u015fmalar\u0131nda temel oda\u011f\u0131n, \u015fehitlerimizin kanlar\u0131 ve kahraman ve vatan koruyucular\u0131m\u0131z\u0131n fedakarl\u0131klar\u0131na vefan\u0131n yan\u0131 s\u0131ra Suriye ve ordusunun m\u00fccadele g\u00fcc\u00fcn\u00fc peki\u015ftirme, vatanda\u015flar\u0131n ihtiya\u00e7lar\u0131n\u0131 da kar\u015f\u0131lamak oldu\u011funun alt\u0131n\u0131 \u00e7izdi<\/p>\n","protected":false},"excerpt":{"rendered":"<p>Oturumda konu\u015fan Ba\u015fbakan Hamis; h\u00fck\u00fcmetin bu s\u00fcre\u00e7 i\u00e7inde \u00e7al\u0131\u015fmalar\u0131nda temel oda\u011f\u0131n, \u015fehitlerimizin kanlar\u0131 ve kahraman ve vatan koruyucular\u0131m\u0131z\u0131n fedakarl\u0131klar\u0131na vefan\u0131n yan\u0131 s\u0131ra Suriye ve ordusunun m\u00fccadele g\u00fcc\u00fcn\u00fc peki\u015ftirme, vatanda\u015flar\u0131n ihtiya\u00e7lar\u0131n\u0131 da kar\u015f\u0131lamak oldu\u011funun alt\u0131n\u0131 \u00e7izdi<\/p>\n","protected":false},"author":1,"featured_media":0,"comment_status":"closed","ping_status":"closed","sticky":false,"template":"","format":"standard","meta":{"footnotes":""},"categories":[17991],"tags":[],"class_list":["post-80749","post","type-post","status-publish","format-standard","","category-son-dakika"],"_links":{"self":[{"href":"https:\/\/archive.sana.sy\/tr\/index.php?rest_route=\/wp\/v2\/posts\/80749","targetHints":{"allow":["GET"]}}],"collection":[{"href":"https:\/\/archive.sana.sy\/tr\/index.php?rest_route=\/wp\/v2\/posts"}],"about":[{"href":"https:\/\/archive.sana.sy\/tr\/index.php?rest_route=\/wp\/v2\/types\/post"}],"author":[{"embeddable":true,"href":"https:\/\/archive.sana.sy\/tr\/index.php?rest_route=\/wp\/v2\/users\/1"}],"replies":[{"embeddable":true,"href":"https:\/\/archive.sana.sy\/tr\/index.php?rest_route=%2Fwp%2Fv2%2Fcomments&post=80749"}],"version-history":[{"count":0,"href":"https:\/\/archive.sana.sy\/tr\/index.php?rest_route=\/wp\/v2\/posts\/80749\/revisions"}],"wp:attachment":[{"href":"https:\/\/archive.sana.sy\/tr\/index.php?rest_route=%2Fwp%2Fv2%2Fmedia&parent=80749"}],"wp:term":[{"taxonomy":"category","embeddable":true,"href":"https:\/\/archive.sana.sy\/tr\/index.php?rest_route=%2Fwp%2Fv2%2Fcategories&post=80749"},{"taxonomy":"post_tag","embeddable":true,"href":"https:\/\/archive.sana.sy\/tr\/index.php?rest_route=%2Fwp%2Fv2%2Ftags&post=80749"}],"curies":[{"name":"wp","href":"https:\/\/api.w.org\/{rel}","templated":true}]}}