{"id":80751,"date":"2016-07-25T09:17:57","date_gmt":"2016-07-25T06:17:57","guid":{"rendered":"http:\/\/www.sana.sy\/tr\/?p=80751"},"modified":"2016-07-25T15:10:18","modified_gmt":"2016-07-25T12:10:18","slug":"hamis-ulusal-egemenlikten-hareketle-suriyenin-ordusu-ve-halkiyla-vatanin-her-kosesinde-terore-karsi-savasini-surdurecegini-vatan-ve-vatandaslarin-guvenligini-de-temin-edecegini-ifade-etti","status":"publish","type":"post","link":"https:\/\/archive.sana.sy\/tr\/?p=80751","title":{"rendered":"Hamis ulusal egemenlikten hareketle Suriye\u2019nin ordusu ve halk\u0131yla vatan\u0131n her k\u00f6\u015fesinde ter\u00f6re kar\u015f\u0131 sava\u015f\u0131n\u0131 s\u00fcrd\u00fcrece\u011fini, vatan ve vatanda\u015flar\u0131n g\u00fcvenli\u011fini de temin edece\u011fini ifade etti."},"content":{"rendered":"<p>Hamis ulusal egemenlikten hareketle Suriye\u2019nin ordusu ve halk\u0131yla vatan\u0131n her k\u00f6\u015fesinde ter\u00f6re kar\u015f\u0131 sava\u015f\u0131n\u0131 s\u00fcrd\u00fcrece\u011fini, vatan ve vatanda\u015flar\u0131n g\u00fcvenli\u011fini de temin edece\u011fini ifade etti.<\/p>\n","protected":false},"excerpt":{"rendered":"<p>Hamis ulusal egemenlikten hareketle Suriye\u2019nin ordusu ve halk\u0131yla vatan\u0131n her k\u00f6\u015fesinde ter\u00f6re kar\u015f\u0131 sava\u015f\u0131n\u0131 s\u00fcrd\u00fcrece\u011fini, vatan ve vatanda\u015flar\u0131n g\u00fcvenli\u011fini de temin edece\u011fini ifade etti.<\/p>\n","protected":false},"author":1,"featured_media":0,"comment_status":"closed","ping_status":"closed","sticky":false,"template":"","format":"standard","meta":{"footnotes":""},"categories":[17991],"tags":[],"class_list":["post-80751","post","type-post","status-publish","format-standard","","category-son-dakika"],"_links":{"self":[{"href":"https:\/\/archive.sana.sy\/tr\/index.php?rest_route=\/wp\/v2\/posts\/80751","targetHints":{"allow":["GET"]}}],"collection":[{"href":"https:\/\/archive.sana.sy\/tr\/index.php?rest_route=\/wp\/v2\/posts"}],"about":[{"href":"https:\/\/archive.sana.sy\/tr\/index.php?rest_route=\/wp\/v2\/types\/post"}],"author":[{"embeddable":true,"href":"https:\/\/archive.sana.sy\/tr\/index.php?rest_route=\/wp\/v2\/users\/1"}],"replies":[{"embeddable":true,"href":"https:\/\/archive.sana.sy\/tr\/index.php?rest_route=%2Fwp%2Fv2%2Fcomments&post=80751"}],"version-history":[{"count":0,"href":"https:\/\/archive.sana.sy\/tr\/index.php?rest_route=\/wp\/v2\/posts\/80751\/revisions"}],"wp:attachment":[{"href":"https:\/\/archive.sana.sy\/tr\/index.php?rest_route=%2Fwp%2Fv2%2Fmedia&parent=80751"}],"wp:term":[{"taxonomy":"category","embeddable":true,"href":"https:\/\/archive.sana.sy\/tr\/index.php?rest_route=%2Fwp%2Fv2%2Fcategories&post=80751"},{"taxonomy":"post_tag","embeddable":true,"href":"https:\/\/archive.sana.sy\/tr\/index.php?rest_route=%2Fwp%2Fv2%2Ftags&post=80751"}],"curies":[{"name":"wp","href":"https:\/\/api.w.org\/{rel}","templated":true}]}}