{"id":80752,"date":"2016-07-25T09:19:59","date_gmt":"2016-07-25T06:19:59","guid":{"rendered":"http:\/\/www.sana.sy\/tr\/?p=80752"},"modified":"2016-07-25T15:10:26","modified_gmt":"2016-07-25T12:10:26","slug":"hukumetin-sehit-ve-ailelerinin-maddi-ve-manevi-haklarini-temin-etmekle-birlikte-yaralilara-destegine-buyuk-ozen-gosterecegini-belirten-hamis-onumuzdeki-surec-icinde-insani-yardim-ve-sosyal-durumu-kal","status":"publish","type":"post","link":"https:\/\/archive.sana.sy\/tr\/?p=80752","title":{"rendered":"H\u00fck\u00fcmetin \u015fehit ve ailelerinin maddi ve manevi haklar\u0131n\u0131 temin etmekle birlikte yaral\u0131lara deste\u011fine b\u00fcy\u00fck \u00f6zen g\u00f6sterece\u011fini belirten Hamis; \u00f6n\u00fcm\u00fczdeki s\u00fcre\u00e7 i\u00e7inde insani yard\u0131m ve sosyal durumu kalk\u0131nd\u0131rma \u00e7abalar\u0131na da odaklanaca\u011f\u0131n\u0131 vurgulad\u0131."},"content":{"rendered":"<p>H\u00fck\u00fcmetin \u015fehit ve ailelerinin maddi ve manevi haklar\u0131n\u0131 temin etmekle birlikte yaral\u0131lara deste\u011fine b\u00fcy\u00fck \u00f6zen g\u00f6sterece\u011fini belirten Hamis; \u00f6n\u00fcm\u00fczdeki s\u00fcre\u00e7 i\u00e7inde insani yard\u0131m ve sosyal durumu kalk\u0131nd\u0131rma \u00e7abalar\u0131na da odaklanaca\u011f\u0131n\u0131 vurgulad\u0131.<\/p>\n","protected":false},"excerpt":{"rendered":"<p>H\u00fck\u00fcmetin \u015fehit ve ailelerinin maddi ve manevi haklar\u0131n\u0131 temin etmekle birlikte yaral\u0131lara deste\u011fine b\u00fcy\u00fck \u00f6zen g\u00f6sterece\u011fini belirten Hamis; \u00f6n\u00fcm\u00fczdeki s\u00fcre\u00e7 i\u00e7inde insani yard\u0131m ve sosyal durumu kalk\u0131nd\u0131rma \u00e7abalar\u0131na da odaklanaca\u011f\u0131n\u0131 vurgulad\u0131.<\/p>\n","protected":false},"author":1,"featured_media":0,"comment_status":"closed","ping_status":"closed","sticky":false,"template":"","format":"standard","meta":{"footnotes":""},"categories":[17991],"tags":[],"class_list":["post-80752","post","type-post","status-publish","format-standard","","category-son-dakika"],"_links":{"self":[{"href":"https:\/\/archive.sana.sy\/tr\/index.php?rest_route=\/wp\/v2\/posts\/80752","targetHints":{"allow":["GET"]}}],"collection":[{"href":"https:\/\/archive.sana.sy\/tr\/index.php?rest_route=\/wp\/v2\/posts"}],"about":[{"href":"https:\/\/archive.sana.sy\/tr\/index.php?rest_route=\/wp\/v2\/types\/post"}],"author":[{"embeddable":true,"href":"https:\/\/archive.sana.sy\/tr\/index.php?rest_route=\/wp\/v2\/users\/1"}],"replies":[{"embeddable":true,"href":"https:\/\/archive.sana.sy\/tr\/index.php?rest_route=%2Fwp%2Fv2%2Fcomments&post=80752"}],"version-history":[{"count":0,"href":"https:\/\/archive.sana.sy\/tr\/index.php?rest_route=\/wp\/v2\/posts\/80752\/revisions"}],"wp:attachment":[{"href":"https:\/\/archive.sana.sy\/tr\/index.php?rest_route=%2Fwp%2Fv2%2Fmedia&parent=80752"}],"wp:term":[{"taxonomy":"category","embeddable":true,"href":"https:\/\/archive.sana.sy\/tr\/index.php?rest_route=%2Fwp%2Fv2%2Fcategories&post=80752"},{"taxonomy":"post_tag","embeddable":true,"href":"https:\/\/archive.sana.sy\/tr\/index.php?rest_route=%2Fwp%2Fv2%2Ftags&post=80752"}],"curies":[{"name":"wp","href":"https:\/\/api.w.org\/{rel}","templated":true}]}}