{"id":80759,"date":"2016-07-25T09:30:46","date_gmt":"2016-07-25T06:30:46","guid":{"rendered":"http:\/\/www.sana.sy\/tr\/?p=80759"},"modified":"2016-07-25T15:12:11","modified_gmt":"2016-07-25T12:12:11","slug":"basbakan-hamis-yerel-uretimin-arttirilmasi-amaciyla-da-ozel-sektorun-ortaklik-ve-daha-baska-yontemlerle-desteklenip-tesvik-edilecegini-belirtti","status":"publish","type":"post","link":"https:\/\/archive.sana.sy\/tr\/?p=80759","title":{"rendered":"Ba\u015fbakan Hamis yerel \u00fcretimin artt\u0131r\u0131lmas\u0131 amac\u0131yla da \u00f6zel sekt\u00f6r\u00fcn ortakl\u0131k ve daha ba\u015fka y\u00f6ntemlerle desteklenip te\u015fvik edilece\u011fini belirtti."},"content":{"rendered":"<p>Ba\u015fbakan Hamis yerel \u00fcretimin artt\u0131r\u0131lmas\u0131 amac\u0131yla da \u00f6zel sekt\u00f6r\u00fcn ortakl\u0131k ve daha ba\u015fka y\u00f6ntemlerle desteklenip te\u015fvik edilece\u011fini belirtti.<\/p>\n","protected":false},"excerpt":{"rendered":"<p>Ba\u015fbakan Hamis yerel \u00fcretimin artt\u0131r\u0131lmas\u0131 amac\u0131yla da \u00f6zel sekt\u00f6r\u00fcn ortakl\u0131k ve daha ba\u015fka y\u00f6ntemlerle desteklenip te\u015fvik edilece\u011fini belirtti.<\/p>\n","protected":false},"author":1,"featured_media":0,"comment_status":"closed","ping_status":"closed","sticky":false,"template":"","format":"standard","meta":{"footnotes":""},"categories":[17991],"tags":[],"class_list":["post-80759","post","type-post","status-publish","format-standard","","category-son-dakika"],"_links":{"self":[{"href":"https:\/\/archive.sana.sy\/tr\/index.php?rest_route=\/wp\/v2\/posts\/80759","targetHints":{"allow":["GET"]}}],"collection":[{"href":"https:\/\/archive.sana.sy\/tr\/index.php?rest_route=\/wp\/v2\/posts"}],"about":[{"href":"https:\/\/archive.sana.sy\/tr\/index.php?rest_route=\/wp\/v2\/types\/post"}],"author":[{"embeddable":true,"href":"https:\/\/archive.sana.sy\/tr\/index.php?rest_route=\/wp\/v2\/users\/1"}],"replies":[{"embeddable":true,"href":"https:\/\/archive.sana.sy\/tr\/index.php?rest_route=%2Fwp%2Fv2%2Fcomments&post=80759"}],"version-history":[{"count":0,"href":"https:\/\/archive.sana.sy\/tr\/index.php?rest_route=\/wp\/v2\/posts\/80759\/revisions"}],"wp:attachment":[{"href":"https:\/\/archive.sana.sy\/tr\/index.php?rest_route=%2Fwp%2Fv2%2Fmedia&parent=80759"}],"wp:term":[{"taxonomy":"category","embeddable":true,"href":"https:\/\/archive.sana.sy\/tr\/index.php?rest_route=%2Fwp%2Fv2%2Fcategories&post=80759"},{"taxonomy":"post_tag","embeddable":true,"href":"https:\/\/archive.sana.sy\/tr\/index.php?rest_route=%2Fwp%2Fv2%2Ftags&post=80759"}],"curies":[{"name":"wp","href":"https:\/\/api.w.org\/{rel}","templated":true}]}}