{"id":80778,"date":"2016-07-25T13:10:51","date_gmt":"2016-07-25T10:10:51","guid":{"rendered":"http:\/\/www.sana.sy\/tr\/?p=80778"},"modified":"2016-07-25T15:43:28","modified_gmt":"2016-07-25T12:43:28","slug":"krizden-olumsuz-etkilenen-cocuklarda-psikolojik-sorunlara-sinir-koyma-amacli-tum-calismalara-iliskin-mekanizmalarin-uygun-bir-sekilde-hayata-gecirilmesi-onemine-dikkat-ceken-katilimcilar-cocuklarin-k","status":"publish","type":"post","link":"https:\/\/archive.sana.sy\/tr\/?p=80778","title":{"rendered":"Krizden olumsuz etkilenen \u00e7ocuklarda psikolojik sorunlara s\u0131n\u0131r koyma ama\u00e7l\u0131 t\u00fcm \u00e7al\u0131\u015fmalara ili\u015fkin mekanizmalar\u0131n uygun bir \u015fekilde hayata ge\u00e7irilmesi \u00f6nemine dikkat \u00e7eken kat\u0131l\u0131mc\u0131lar; \u00e7ocuklar\u0131n korunmas\u0131 amac\u0131yla acil m\u00fcdahale ve uzun s\u00fcre\u00e7li \u00e7abalar\u0131n uygun bir \u015fekilde uygulanmas\u0131 gere\u011fini vurgulad\u0131"},"content":{"rendered":"<p>Krizden olumsuz etkilenen \u00e7ocuklarda psikolojik sorunlara s\u0131n\u0131r koyma ama\u00e7l\u0131 t\u00fcm \u00e7al\u0131\u015fmalara ili\u015fkin mekanizmalar\u0131n uygun bir \u015fekilde hayata ge\u00e7irilmesi \u00f6nemine dikkat \u00e7eken kat\u0131l\u0131mc\u0131lar; \u00e7ocuklar\u0131n korunmas\u0131 amac\u0131yla acil m\u00fcdahale ve uzun s\u00fcre\u00e7li \u00e7abalar\u0131n uygun bir \u015fekilde uygulanmas\u0131 gere\u011fini vurgulad\u0131<\/p>\n","protected":false},"excerpt":{"rendered":"<p>Krizden olumsuz etkilenen \u00e7ocuklarda psikolojik sorunlara s\u0131n\u0131r koyma ama\u00e7l\u0131 t\u00fcm \u00e7al\u0131\u015fmalara ili\u015fkin mekanizmalar\u0131n uygun bir \u015fekilde hayata ge\u00e7irilmesi \u00f6nemine dikkat \u00e7eken kat\u0131l\u0131mc\u0131lar; \u00e7ocuklar\u0131n korunmas\u0131 amac\u0131yla acil m\u00fcdahale ve uzun s\u00fcre\u00e7li \u00e7abalar\u0131n uygun bir \u015fekilde uygulanmas\u0131 gere\u011fini vurgulad\u0131<\/p>\n","protected":false},"author":1,"featured_media":0,"comment_status":"closed","ping_status":"closed","sticky":false,"template":"","format":"standard","meta":{"footnotes":""},"categories":[17991],"tags":[],"class_list":["post-80778","post","type-post","status-publish","format-standard","","category-son-dakika"],"_links":{"self":[{"href":"https:\/\/archive.sana.sy\/tr\/index.php?rest_route=\/wp\/v2\/posts\/80778","targetHints":{"allow":["GET"]}}],"collection":[{"href":"https:\/\/archive.sana.sy\/tr\/index.php?rest_route=\/wp\/v2\/posts"}],"about":[{"href":"https:\/\/archive.sana.sy\/tr\/index.php?rest_route=\/wp\/v2\/types\/post"}],"author":[{"embeddable":true,"href":"https:\/\/archive.sana.sy\/tr\/index.php?rest_route=\/wp\/v2\/users\/1"}],"replies":[{"embeddable":true,"href":"https:\/\/archive.sana.sy\/tr\/index.php?rest_route=%2Fwp%2Fv2%2Fcomments&post=80778"}],"version-history":[{"count":0,"href":"https:\/\/archive.sana.sy\/tr\/index.php?rest_route=\/wp\/v2\/posts\/80778\/revisions"}],"wp:attachment":[{"href":"https:\/\/archive.sana.sy\/tr\/index.php?rest_route=%2Fwp%2Fv2%2Fmedia&parent=80778"}],"wp:term":[{"taxonomy":"category","embeddable":true,"href":"https:\/\/archive.sana.sy\/tr\/index.php?rest_route=%2Fwp%2Fv2%2Fcategories&post=80778"},{"taxonomy":"post_tag","embeddable":true,"href":"https:\/\/archive.sana.sy\/tr\/index.php?rest_route=%2Fwp%2Fv2%2Ftags&post=80778"}],"curies":[{"name":"wp","href":"https:\/\/api.w.org\/{rel}","templated":true}]}}