{"id":80807,"date":"2016-07-25T17:07:22","date_gmt":"2016-07-25T14:07:22","guid":{"rendered":"http:\/\/www.sana.sy\/tr\/?p=80807"},"modified":"2016-07-26T11:51:07","modified_gmt":"2016-07-26T08:51:07","slug":"yunan-heyeti-bir-dizi-temasta-bulundu","status":"publish","type":"post","link":"https:\/\/archive.sana.sy\/tr\/?p=80807","title":{"rendered":"Yunan Heyeti Bir Dizi Temasta Bulundu(video)"},"content":{"rendered":"<p>\u015eAM \u2013 Yunan Parlamenter N\u00edkos Nikol\u00f3poulos ba\u015fkanl\u0131\u011f\u0131nda Yunan parlamenterler, parti temsilcileri ve gazetecilerden olu\u015fan bir heyet Suriye&#8217;ye ziyareti kapsam\u0131nda \u015eam\u2019da bir dizi temaslarda bulundular.<\/p>\n<p><a href=\"http:\/\/www.sana.sy\/tr\/wp-content\/uploads\/2016\/07\/Hediye-Abbas-1.jpg\"><img loading=\"lazy\" decoding=\"async\" class=\"alignright wp-image-80808 \" src=\"http:\/\/www.sana.sy\/tr\/wp-content\/uploads\/2016\/07\/Hediye-Abbas-1-300x193.jpg\" alt=\"Hediye Abbas 1\" width=\"278\" height=\"179\" srcset=\"https:\/\/archive.sana.sy\/tr\/wp-content\/uploads\/2016\/07\/Hediye-Abbas-1-300x193.jpg 300w, https:\/\/archive.sana.sy\/tr\/wp-content\/uploads\/2016\/07\/Hediye-Abbas-1-150x96.jpg 150w, https:\/\/archive.sana.sy\/tr\/wp-content\/uploads\/2016\/07\/Hediye-Abbas-1-768x493.jpg 768w, https:\/\/archive.sana.sy\/tr\/wp-content\/uploads\/2016\/07\/Hediye-Abbas-1-1024x657.jpg 1024w\" sizes=\"auto, (max-width: 278px) 100vw, 278px\" \/><\/a>Halk Meclisi Ba\u015fkan\u0131 Hediye Abbas, Ba\u015fbakan \u0130mad Hamis ve Cumhuriyet M\u00fcft\u00fcs\u00fc Ahmet Bedrettin Hassun ile g\u00f6r\u00fc\u015fmelerinde yunan heyet Suriye ve halk\u0131n\u0131n maruz kald\u0131\u011f\u0131 sava\u015f ve son durumlar konusunda ayr\u0131nt\u0131l\u0131 bilgi ald\u0131. Ter\u00f6r \u00f6rg\u00fctleri ve kimi devletlerden ald\u0131klar\u0131 destek hakk\u0131nda da bilgi alan konuk heyet; ziyaretleri s\u0131ras\u0131nda g\u00f6rd\u00fckleri ger\u00e7ekler ve Bat\u0131l\u0131 kimi medya ara\u00e7lar\u0131n\u0131n \u00f6ne s\u00fcrd\u00fc\u011f\u00fc spek\u00fclasyonlar aras\u0131ndaki fark\u0131n deh\u015fet verici oldu\u011funu ifade etti.<\/p>\n<p><a href=\"http:\/\/www.sana.sy\/tr\/wp-content\/uploads\/2016\/07\/Hassun-1.jpg\"><img loading=\"lazy\" decoding=\"async\" class=\"alignright wp-image-80810 \" src=\"http:\/\/www.sana.sy\/tr\/wp-content\/uploads\/2016\/07\/Hassun-1-300x201.jpg\" alt=\"Hassun 1\" width=\"291\" height=\"195\" srcset=\"https:\/\/archive.sana.sy\/tr\/wp-content\/uploads\/2016\/07\/Hassun-1-300x201.jpg 300w, https:\/\/archive.sana.sy\/tr\/wp-content\/uploads\/2016\/07\/Hassun-1-150x100.jpg 150w, https:\/\/archive.sana.sy\/tr\/wp-content\/uploads\/2016\/07\/Hassun-1-768x514.jpg 768w, https:\/\/archive.sana.sy\/tr\/wp-content\/uploads\/2016\/07\/Hassun-1-1024x685.jpg 1024w, https:\/\/archive.sana.sy\/tr\/wp-content\/uploads\/2016\/07\/Hassun-1-110x75.jpg 110w\" sizes=\"auto, (max-width: 291px) 100vw, 291px\" \/><\/a>Heyet Suriye&#8217;ye ziyaretlerinden amac\u0131n ger\u00e7ekleri yak\u0131ndan g\u00f6rmekle birlikte y\u0131llar s\u00fcren sava\u015f ard\u0131ndan ekonomik durum hakk\u0131nda bilgi almak oldu\u011funu s\u00f6yledi. Suriye ve halk\u0131na yard\u0131m sunma olanaklar\u0131n\u0131n da incelemek istediklerini belirten konuk heyet \u00fcyeleri; Bat\u0131l\u0131 devletlerin Suriye ve halk\u0131na y\u00f6nelik politikalar\u0131n\u0131n bu devletlerin halklar\u0131n\u0131n tutum ve vizyonunu kesinlikle yans\u0131tmad\u0131\u011f\u0131n\u0131n alt\u0131n\u0131 \u00e7izdi.<\/p>\n<p>Heyet \u00fcyeleri Suriye ile Yunan halklar\u0131 aras\u0131ndaki tarihi dostluk ili\u015fkilerine dikkat \u00e7ekerken, iki \u00fclke ve halklar\u0131 aras\u0131ndaki ili\u015fkileri geli\u015ftirme amac\u0131yla gereken her gayreti g\u00f6stereceklerini ifade etti.<\/p>\n<p>Heyet \u00fcyeleri Suriye&#8217;de kad\u0131n\u0131n alm\u0131\u015f oldu\u011fu haklar\u0131n takdire \u015fayan oldu\u011funu belirtirken, Suriye&#8217;nin ter\u00f6re kar\u015f\u0131 \u015fanl\u0131 zaferinin ka\u00e7\u0131n\u0131lmaz oldu\u011funa inand\u0131klar\u0131n\u0131 ifade etti.<\/p>\n<p>https:\/\/www.youtube.com\/watch?v=jak2jsEnkWY<\/p>\n<p>R.H.<\/p>\n","protected":false},"excerpt":{"rendered":"<p>\u015eAM \u2013 Yunan Parlamenter N\u00edkos Nikol\u00f3poulos ba\u015fkanl\u0131\u011f\u0131nda Yunan parlamenterler, parti temsilcileri ve gazetecilerden olu\u015fan bir heyet Suriye&#8217;ye ziyareti kapsam\u0131nda \u015eam\u2019da bir dizi temaslarda bulundular. Halk Meclisi Ba\u015fkan\u0131 Hediye Abbas, Ba\u015fbakan \u0130mad Hamis ve Cumhuriyet M\u00fcft\u00fcs\u00fc Ahmet Bedrettin Hassun ile g\u00f6r\u00fc\u015fmelerinde yunan heyet Suriye ve halk\u0131n\u0131n maruz kald\u0131\u011f\u0131 sava\u015f ve son durumlar konusunda ayr\u0131nt\u0131l\u0131 bilgi ald\u0131. &hellip;<\/p>\n","protected":false},"author":1,"featured_media":80809,"comment_status":"closed","ping_status":"closed","sticky":false,"template":"","format":"standard","meta":{"footnotes":""},"categories":[479,17988,478],"tags":[22674],"class_list":["post-80807","post","type-post","status-publish","format-standard","has-post-thumbnail","","category-haberler-yerel","category-son-haberler","category-yerel","tag-yunan-heyeti-bir-dizi-temasta-bulundu"],"_links":{"self":[{"href":"https:\/\/archive.sana.sy\/tr\/index.php?rest_route=\/wp\/v2\/posts\/80807","targetHints":{"allow":["GET"]}}],"collection":[{"href":"https:\/\/archive.sana.sy\/tr\/index.php?rest_route=\/wp\/v2\/posts"}],"about":[{"href":"https:\/\/archive.sana.sy\/tr\/index.php?rest_route=\/wp\/v2\/types\/post"}],"author":[{"embeddable":true,"href":"https:\/\/archive.sana.sy\/tr\/index.php?rest_route=\/wp\/v2\/users\/1"}],"replies":[{"embeddable":true,"href":"https:\/\/archive.sana.sy\/tr\/index.php?rest_route=%2Fwp%2Fv2%2Fcomments&post=80807"}],"version-history":[{"count":0,"href":"https:\/\/archive.sana.sy\/tr\/index.php?rest_route=\/wp\/v2\/posts\/80807\/revisions"}],"wp:featuredmedia":[{"embeddable":true,"href":"https:\/\/archive.sana.sy\/tr\/index.php?rest_route=\/wp\/v2\/media\/80809"}],"wp:attachment":[{"href":"https:\/\/archive.sana.sy\/tr\/index.php?rest_route=%2Fwp%2Fv2%2Fmedia&parent=80807"}],"wp:term":[{"taxonomy":"category","embeddable":true,"href":"https:\/\/archive.sana.sy\/tr\/index.php?rest_route=%2Fwp%2Fv2%2Fcategories&post=80807"},{"taxonomy":"post_tag","embeddable":true,"href":"https:\/\/archive.sana.sy\/tr\/index.php?rest_route=%2Fwp%2Fv2%2Ftags&post=80807"}],"curies":[{"name":"wp","href":"https:\/\/api.w.org\/{rel}","templated":true}]}}