{"id":80833,"date":"2016-07-25T21:00:05","date_gmt":"2016-07-25T18:00:05","guid":{"rendered":"http:\/\/www.sana.sy\/tr\/?p=80833"},"modified":"2016-07-26T11:51:18","modified_gmt":"2016-07-26T08:51:18","slug":"israil-yerlesim-binasini-hedef-aldi","status":"publish","type":"post","link":"https:\/\/archive.sana.sy\/tr\/?p=80833","title":{"rendered":"\u0130srail Yerle\u015fim Binas\u0131n\u0131 Hedef Ald\u0131"},"content":{"rendered":"<p>\u015eAM \u2013 Ordu ve Silahl\u0131 Kuvvetler Genel Komutanl\u0131\u011f\u0131; Siyonist d\u00fc\u015fman \u0130srail&#8217;in bug\u00fcn ak\u015fam saat 19:30 sular\u0131nda insans\u0131z bir ke\u015fif u\u00e7a\u011f\u0131ndan Kunaytra\u2019n\u0131n Baas Kentinde bir yerle\u015fim binas\u0131n\u0131 iki f\u00fczeyle hedef almas\u0131 sonucunda binada maddi hasar\u0131n olu\u015ftu\u011funu belirtti.<\/p>\n<p>Genel Komutanl\u0131k bug\u00fcn SANA\u2019n\u0131n bir n\u00fcshas\u0131n\u0131 ald\u0131\u011f\u0131 beyanda; Siyonist \u0130srail&#8217;in bu a\u00e7\u0131k sald\u0131r\u0131s\u0131n\u0131n, ter\u00f6r \u00f6rg\u00fctlere aleni deste\u011fi \u00e7er\u00e7evesinde geldi\u011fine dikkat \u00e7ekti. Ayn\u0131 zamanda ordu birliklerimiz kar\u015f\u0131s\u0131nda a\u011f\u0131r kay\u0131plar\u0131 nedeniyle \u00e7\u00f6ken psikoloji ve morallerini d\u00fczeltme amac\u0131 ta\u015f\u0131d\u0131\u011f\u0131na dikkat \u00e7eken Genel Komutanl\u0131k; sald\u0131r\u0131n\u0131n Suriye ordusunu d\u00fc\u015fman \u0130srail&#8217;in ajandalar\u0131n\u0131 hayata ge\u00e7iren ter\u00f6r \u00f6rg\u00fctleri kovalama ve onlar\u0131 bertaraf etme azminden kesinlikle cayd\u0131ramayaca\u011f\u0131n\u0131n alt\u0131n\u0131 \u00e7izdi.<\/p>\n<p>R.H.<\/p>\n","protected":false},"excerpt":{"rendered":"<p>\u015eAM \u2013 Ordu ve Silahl\u0131 Kuvvetler Genel Komutanl\u0131\u011f\u0131; Siyonist d\u00fc\u015fman \u0130srail&#8217;in bug\u00fcn ak\u015fam saat 19:30 sular\u0131nda insans\u0131z bir ke\u015fif u\u00e7a\u011f\u0131ndan Kunaytra\u2019n\u0131n Baas Kentinde bir yerle\u015fim binas\u0131n\u0131 iki f\u00fczeyle hedef almas\u0131 sonucunda binada maddi hasar\u0131n olu\u015ftu\u011funu belirtti. Genel Komutanl\u0131k bug\u00fcn SANA\u2019n\u0131n bir n\u00fcshas\u0131n\u0131 ald\u0131\u011f\u0131 beyanda; Siyonist \u0130srail&#8217;in bu a\u00e7\u0131k sald\u0131r\u0131s\u0131n\u0131n, ter\u00f6r \u00f6rg\u00fctlere aleni deste\u011fi \u00e7er\u00e7evesinde geldi\u011fine &hellip;<\/p>\n","protected":false},"author":1,"featured_media":80834,"comment_status":"closed","ping_status":"closed","sticky":false,"template":"","format":"standard","meta":{"footnotes":""},"categories":[479,17988,478],"tags":[22676],"class_list":["post-80833","post","type-post","status-publish","format-standard","has-post-thumbnail","","category-haberler-yerel","category-son-haberler","category-yerel","tag-israil-yerlesim-binasini-hedef-aldi"],"_links":{"self":[{"href":"https:\/\/archive.sana.sy\/tr\/index.php?rest_route=\/wp\/v2\/posts\/80833","targetHints":{"allow":["GET"]}}],"collection":[{"href":"https:\/\/archive.sana.sy\/tr\/index.php?rest_route=\/wp\/v2\/posts"}],"about":[{"href":"https:\/\/archive.sana.sy\/tr\/index.php?rest_route=\/wp\/v2\/types\/post"}],"author":[{"embeddable":true,"href":"https:\/\/archive.sana.sy\/tr\/index.php?rest_route=\/wp\/v2\/users\/1"}],"replies":[{"embeddable":true,"href":"https:\/\/archive.sana.sy\/tr\/index.php?rest_route=%2Fwp%2Fv2%2Fcomments&post=80833"}],"version-history":[{"count":0,"href":"https:\/\/archive.sana.sy\/tr\/index.php?rest_route=\/wp\/v2\/posts\/80833\/revisions"}],"wp:featuredmedia":[{"embeddable":true,"href":"https:\/\/archive.sana.sy\/tr\/index.php?rest_route=\/wp\/v2\/media\/80834"}],"wp:attachment":[{"href":"https:\/\/archive.sana.sy\/tr\/index.php?rest_route=%2Fwp%2Fv2%2Fmedia&parent=80833"}],"wp:term":[{"taxonomy":"category","embeddable":true,"href":"https:\/\/archive.sana.sy\/tr\/index.php?rest_route=%2Fwp%2Fv2%2Fcategories&post=80833"},{"taxonomy":"post_tag","embeddable":true,"href":"https:\/\/archive.sana.sy\/tr\/index.php?rest_route=%2Fwp%2Fv2%2Ftags&post=80833"}],"curies":[{"name":"wp","href":"https:\/\/api.w.org\/{rel}","templated":true}]}}