{"id":8084,"date":"2014-08-24T10:12:39","date_gmt":"2014-08-24T07:12:39","guid":{"rendered":"http:\/\/www.sana.sy\/tr\/?p=8084"},"modified":"2014-08-24T10:12:39","modified_gmt":"2014-08-24T07:12:39","slug":"suriye-tabiat-cemiyeti-kurulusunun-13-yilini-kutluyor","status":"publish","type":"post","link":"https:\/\/archive.sana.sy\/tr\/?p=8084","title":{"rendered":"Suriye Tabiat Cemiyeti Kurulu\u015funun 13. Y\u0131l\u0131n\u0131 Kutluyor"},"content":{"rendered":"<p>\u015eAM \u2013 Suriye Tabiat Cemiyeti kurulu\u015funun 13. Y\u0131ld\u00f6n\u00fcm\u00fc m\u00fcnasebetiyle d\u00fcn \u015eam Kalesinde bulunan Tabiaat Park\u0131nda d\u00fczenledi\u011fi t\u00f6rende Birinci Mar\u015f\u0131n\u0131 ve Ye\u015fil \u00c7ocuklar Rehberini sundu.<\/p>\n<div style=\"width: 618px;\" class=\"wp-video\"><!--[if lt IE 9]><script>document.createElement('video');<\/script><![endif]-->\n<video class=\"wp-video-shortcode\" id=\"video-8084-1\" width=\"618\" height=\"348\" preload=\"metadata\" controls=\"controls\"><source type=\"video\/x-flv\" src=\"http:\/\/www.sana.sy\/tr\/wp-content\/uploads\/2014\/08\/\u0630\u0643\u0631\u0649-\u062a\u0623\u0633\u064a\u0633-\u0627\u0644\u062c\u0645\u0639\u064a\u0629-\u0627\u0644\u0633\u0648\u0631\u064a\u0629-\u0644\u0644\u0628\u064a\u0626\u0629-\u0641\u064a-\u0627\u0644\u062d\u062f\u064a\u0642\u0629-\u0627\u0644\u0628\u064a\u0626\u064a\u0629-\u0645\u0627\u0647\u0631.flv?_=1\" \/><a href=\"http:\/\/www.sana.sy\/tr\/wp-content\/uploads\/2014\/08\/\u0630\u0643\u0631\u0649-\u062a\u0623\u0633\u064a\u0633-\u0627\u0644\u062c\u0645\u0639\u064a\u0629-\u0627\u0644\u0633\u0648\u0631\u064a\u0629-\u0644\u0644\u0628\u064a\u0626\u0629-\u0641\u064a-\u0627\u0644\u062d\u062f\u064a\u0642\u0629-\u0627\u0644\u0628\u064a\u0626\u064a\u0629-\u0645\u0627\u0647\u0631.flv\">http:\/\/www.sana.sy\/tr\/wp-content\/uploads\/2014\/08\/\u0630\u0643\u0631\u0649-\u062a\u0623\u0633\u064a\u0633-\u0627\u0644\u062c\u0645\u0639\u064a\u0629-\u0627\u0644\u0633\u0648\u0631\u064a\u0629-\u0644\u0644\u0628\u064a\u0626\u0629-\u0641\u064a-\u0627\u0644\u062d\u062f\u064a\u0642\u0629-\u0627\u0644\u0628\u064a\u0626\u064a\u0629-\u0645\u0627\u0647\u0631.flv<\/a><\/video><\/div>\n<p>Gen\u00e7lik ve \u00c7ocuk Lokalinin Tabiat Spor Komisyonlar\u0131n\u0131n \u00e7al\u0131\u015fmalar\u0131n\u0131n da ba\u015flang\u0131c\u0131n\u0131n ilan edildi\u011fi t\u00f6rene, \u0130\u015flemleri Y\u00fcr\u00fctmekle M\u00fckellef Kabinede Do\u011fa\u2019dan Sorumlu Devlet Bakan\u0131 Nazire Ferah Sarkiys\u2019de kat\u0131ld\u0131.<\/p>\n<p>Sarkiys SANA muhabirine verdi\u011fi deme\u00e7te, do\u011fan\u0131n ve canl\u0131-bitki \u00e7e\u015fitlili\u011finin korunmas\u0131nda sivil toplum \u00f6rg\u00fctlerinin \u00f6nemli bir rol\u00fc bulundu\u011funa i\u015faret ederek \u00fclkede ya\u015fanmakta olan \u00fcz\u00fcc\u00fc olaylar g\u00f6lgesinde sivil toplum \u00f6rg\u00fctlerinin do\u011fa korumas\u0131 ve daha bir\u00e7ok alanda olu\u015fturaca\u011f\u0131 toplumsal bilincin, kurtar\u0131c\u0131 niteli\u011fi olaca\u011f\u0131n\u0131 vurgulad\u0131.<\/p>\n<p>Di\u011fer taraftan Suriye Tabiat Cemiyeti Y\u00f6netim Kurulu Ba\u015fkan\u0131 Semir Safadi, cemiyetin Suriye&#8217;de ilk tabiat cemiyeti oldu\u011funa i\u015faret ederek kurulu\u015fu, ama\u00e7lar\u0131 ve \u00e7al\u0131\u015fmalar\u0131na ili\u015fkin bir sunum takdim etti.<\/p>\n<div id='gallery-1' class='gallery galleryid-8084 gallery-columns-3 gallery-size-thumbnail'><figure class='gallery-item'>\n\t\t\t<div class='gallery-icon landscape'>\n\t\t\t\t<a href='https:\/\/archive.sana.sy\/tr\/?attachment_id=8086'><img loading=\"lazy\" decoding=\"async\" width=\"150\" height=\"99\" src=\"https:\/\/archive.sana.sy\/tr\/wp-content\/uploads\/2014\/08\/\u00e7evre-2-150x99.jpg\" class=\"attachment-thumbnail size-thumbnail\" alt=\"\" srcset=\"https:\/\/archive.sana.sy\/tr\/wp-content\/uploads\/2014\/08\/\u00e7evre-2-150x99.jpg 150w, https:\/\/archive.sana.sy\/tr\/wp-content\/uploads\/2014\/08\/\u00e7evre-2-300x199.jpg 300w, https:\/\/archive.sana.sy\/tr\/wp-content\/uploads\/2014\/08\/\u00e7evre-2-1024x681.jpg 1024w\" sizes=\"auto, (max-width: 150px) 100vw, 150px\" \/><\/a>\n\t\t\t<\/div><\/figure><figure class='gallery-item'>\n\t\t\t<div class='gallery-icon landscape'>\n\t\t\t\t<a href='https:\/\/archive.sana.sy\/tr\/?attachment_id=8088'><img loading=\"lazy\" decoding=\"async\" width=\"150\" height=\"99\" src=\"https:\/\/archive.sana.sy\/tr\/wp-content\/uploads\/2014\/08\/\u00e7evre-4-150x99.jpg\" class=\"attachment-thumbnail size-thumbnail\" alt=\"\" srcset=\"https:\/\/archive.sana.sy\/tr\/wp-content\/uploads\/2014\/08\/\u00e7evre-4-150x99.jpg 150w, https:\/\/archive.sana.sy\/tr\/wp-content\/uploads\/2014\/08\/\u00e7evre-4-300x199.jpg 300w, https:\/\/archive.sana.sy\/tr\/wp-content\/uploads\/2014\/08\/\u00e7evre-4-1024x681.jpg 1024w\" sizes=\"auto, (max-width: 150px) 100vw, 150px\" \/><\/a>\n\t\t\t<\/div><\/figure><figure class='gallery-item'>\n\t\t\t<div class='gallery-icon landscape'>\n\t\t\t\t<a href='https:\/\/archive.sana.sy\/tr\/?attachment_id=8087'><img loading=\"lazy\" decoding=\"async\" width=\"150\" height=\"96\" src=\"https:\/\/archive.sana.sy\/tr\/wp-content\/uploads\/2014\/08\/\u00e7evre-3-150x96.jpg\" class=\"attachment-thumbnail size-thumbnail\" alt=\"\" srcset=\"https:\/\/archive.sana.sy\/tr\/wp-content\/uploads\/2014\/08\/\u00e7evre-3-150x96.jpg 150w, https:\/\/archive.sana.sy\/tr\/wp-content\/uploads\/2014\/08\/\u00e7evre-3-300x193.jpg 300w, https:\/\/archive.sana.sy\/tr\/wp-content\/uploads\/2014\/08\/\u00e7evre-3-1024x660.jpg 1024w\" sizes=\"auto, (max-width: 150px) 100vw, 150px\" \/><\/a>\n\t\t\t<\/div><\/figure>\n\t\t<\/div>\n\n","protected":false},"excerpt":{"rendered":"<p>\u015eAM \u2013 Suriye Tabiat Cemiyeti kurulu\u015funun 13. Y\u0131ld\u00f6n\u00fcm\u00fc m\u00fcnasebetiyle d\u00fcn \u015eam Kalesinde bulunan Tabiaat Park\u0131nda d\u00fczenledi\u011fi t\u00f6rende Birinci Mar\u015f\u0131n\u0131 ve Ye\u015fil \u00c7ocuklar Rehberini sundu. Gen\u00e7lik ve \u00c7ocuk Lokalinin Tabiat Spor Komisyonlar\u0131n\u0131n \u00e7al\u0131\u015fmalar\u0131n\u0131n da ba\u015flang\u0131c\u0131n\u0131n ilan edildi\u011fi t\u00f6rene, \u0130\u015flemleri Y\u00fcr\u00fctmekle M\u00fckellef Kabinede Do\u011fa\u2019dan Sorumlu Devlet Bakan\u0131 Nazire Ferah Sarkiys\u2019de kat\u0131ld\u0131. Sarkiys SANA muhabirine verdi\u011fi deme\u00e7te, do\u011fan\u0131n &hellip;<\/p>\n","protected":false},"author":1,"featured_media":8085,"comment_status":"closed","ping_status":"closed","sticky":false,"template":"","format":"standard","meta":{"footnotes":""},"categories":[479,478],"tags":[1803],"class_list":["post-8084","post","type-post","status-publish","format-standard","has-post-thumbnail","","category-haberler-yerel","category-yerel","tag-suriye-tabiat-cemiyeti-kurulusunun-13-yilini-kutluyor"],"_links":{"self":[{"href":"https:\/\/archive.sana.sy\/tr\/index.php?rest_route=\/wp\/v2\/posts\/8084","targetHints":{"allow":["GET"]}}],"collection":[{"href":"https:\/\/archive.sana.sy\/tr\/index.php?rest_route=\/wp\/v2\/posts"}],"about":[{"href":"https:\/\/archive.sana.sy\/tr\/index.php?rest_route=\/wp\/v2\/types\/post"}],"author":[{"embeddable":true,"href":"https:\/\/archive.sana.sy\/tr\/index.php?rest_route=\/wp\/v2\/users\/1"}],"replies":[{"embeddable":true,"href":"https:\/\/archive.sana.sy\/tr\/index.php?rest_route=%2Fwp%2Fv2%2Fcomments&post=8084"}],"version-history":[{"count":0,"href":"https:\/\/archive.sana.sy\/tr\/index.php?rest_route=\/wp\/v2\/posts\/8084\/revisions"}],"wp:featuredmedia":[{"embeddable":true,"href":"https:\/\/archive.sana.sy\/tr\/index.php?rest_route=\/wp\/v2\/media\/8085"}],"wp:attachment":[{"href":"https:\/\/archive.sana.sy\/tr\/index.php?rest_route=%2Fwp%2Fv2%2Fmedia&parent=8084"}],"wp:term":[{"taxonomy":"category","embeddable":true,"href":"https:\/\/archive.sana.sy\/tr\/index.php?rest_route=%2Fwp%2Fv2%2Fcategories&post=8084"},{"taxonomy":"post_tag","embeddable":true,"href":"https:\/\/archive.sana.sy\/tr\/index.php?rest_route=%2Fwp%2Fv2%2Ftags&post=8084"}],"curies":[{"name":"wp","href":"https:\/\/api.w.org\/{rel}","templated":true}]}}