{"id":80912,"date":"2016-07-25T20:21:54","date_gmt":"2016-07-25T17:21:54","guid":{"rendered":"http:\/\/www.sana.sy\/tr\/?p=80912"},"modified":"2016-07-26T14:13:59","modified_gmt":"2016-07-26T11:13:59","slug":"ayni-zamanda-ordu-birliklerimiz-karsisinda-agir-kayiplari-nedeniyle-coken-psikoloji-ve-morallerini-duzeltme-amaci-tasidigina-dikkat-ceken-genel-komutanlik-saldirinin-suriye-ordusunu-dusman-israilin","status":"publish","type":"post","link":"https:\/\/archive.sana.sy\/tr\/?p=80912","title":{"rendered":"Ayn\u0131 zamanda ordu birliklerimiz kar\u015f\u0131s\u0131nda a\u011f\u0131r kay\u0131plar\u0131 nedeniyle \u00e7\u00f6ken psikoloji ve morallerini d\u00fczeltme amac\u0131 ta\u015f\u0131d\u0131\u011f\u0131na dikkat \u00e7eken Genel Komutanl\u0131k; sald\u0131r\u0131n\u0131n Suriye ordusunu d\u00fc\u015fman \u0130srail&#8217;in ajandalar\u0131n\u0131 hayata ge\u00e7iren ter\u00f6r \u00f6rg\u00fctleri kovalama ve onlar\u0131 bertaraf etme azminden kesinlikle cayd\u0131ramayaca\u011f\u0131n\u0131n alt\u0131n\u0131 \u00e7izdi."},"content":{"rendered":"<p>Ayn\u0131 zamanda ordu birliklerimiz kar\u015f\u0131s\u0131nda a\u011f\u0131r kay\u0131plar\u0131 nedeniyle \u00e7\u00f6ken psikoloji ve morallerini d\u00fczeltme amac\u0131 ta\u015f\u0131d\u0131\u011f\u0131na dikkat \u00e7eken Genel Komutanl\u0131k; sald\u0131r\u0131n\u0131n Suriye ordusunu d\u00fc\u015fman \u0130srail&#8217;in ajandalar\u0131n\u0131 hayata ge\u00e7iren ter\u00f6r \u00f6rg\u00fctleri kovalama ve onlar\u0131 bertaraf etme azminden kesinlikle cayd\u0131ramayaca\u011f\u0131n\u0131n alt\u0131n\u0131 \u00e7izdi.<\/p>\n","protected":false},"excerpt":{"rendered":"<p>Ayn\u0131 zamanda ordu birliklerimiz kar\u015f\u0131s\u0131nda a\u011f\u0131r kay\u0131plar\u0131 nedeniyle \u00e7\u00f6ken psikoloji ve morallerini d\u00fczeltme amac\u0131 ta\u015f\u0131d\u0131\u011f\u0131na dikkat \u00e7eken Genel Komutanl\u0131k; sald\u0131r\u0131n\u0131n Suriye ordusunu d\u00fc\u015fman \u0130srail&#8217;in ajandalar\u0131n\u0131 hayata ge\u00e7iren ter\u00f6r \u00f6rg\u00fctleri kovalama ve onlar\u0131 bertaraf etme azminden kesinlikle cayd\u0131ramayaca\u011f\u0131n\u0131n alt\u0131n\u0131 \u00e7izdi.<\/p>\n","protected":false},"author":1,"featured_media":0,"comment_status":"closed","ping_status":"closed","sticky":false,"template":"","format":"standard","meta":{"footnotes":""},"categories":[17991],"tags":[],"class_list":["post-80912","post","type-post","status-publish","format-standard","","category-son-dakika"],"_links":{"self":[{"href":"https:\/\/archive.sana.sy\/tr\/index.php?rest_route=\/wp\/v2\/posts\/80912","targetHints":{"allow":["GET"]}}],"collection":[{"href":"https:\/\/archive.sana.sy\/tr\/index.php?rest_route=\/wp\/v2\/posts"}],"about":[{"href":"https:\/\/archive.sana.sy\/tr\/index.php?rest_route=\/wp\/v2\/types\/post"}],"author":[{"embeddable":true,"href":"https:\/\/archive.sana.sy\/tr\/index.php?rest_route=\/wp\/v2\/users\/1"}],"replies":[{"embeddable":true,"href":"https:\/\/archive.sana.sy\/tr\/index.php?rest_route=%2Fwp%2Fv2%2Fcomments&post=80912"}],"version-history":[{"count":0,"href":"https:\/\/archive.sana.sy\/tr\/index.php?rest_route=\/wp\/v2\/posts\/80912\/revisions"}],"wp:attachment":[{"href":"https:\/\/archive.sana.sy\/tr\/index.php?rest_route=%2Fwp%2Fv2%2Fmedia&parent=80912"}],"wp:term":[{"taxonomy":"category","embeddable":true,"href":"https:\/\/archive.sana.sy\/tr\/index.php?rest_route=%2Fwp%2Fv2%2Fcategories&post=80912"},{"taxonomy":"post_tag","embeddable":true,"href":"https:\/\/archive.sana.sy\/tr\/index.php?rest_route=%2Fwp%2Fv2%2Ftags&post=80912"}],"curies":[{"name":"wp","href":"https:\/\/api.w.org\/{rel}","templated":true}]}}