{"id":80915,"date":"2016-07-25T20:11:39","date_gmt":"2016-07-25T17:11:39","guid":{"rendered":"http:\/\/www.sana.sy\/tr\/?p=80915"},"modified":"2016-07-26T14:12:58","modified_gmt":"2016-07-26T11:12:58","slug":"ordu-ve-silahli-kuvvetler-genel-komutanligi-siyonist-dusman-israilin-bugun-aksam-saat-1930-sularinda-insansiz-bir-kesif-ucagindan-kunaytranin-baas-kentinde-bir-yerlesim-binasini-iki-fuzey","status":"publish","type":"post","link":"https:\/\/archive.sana.sy\/tr\/?p=80915","title":{"rendered":"Ordu ve Silahl\u0131 Kuvvetler Genel Komutanl\u0131\u011f\u0131; Siyonist d\u00fc\u015fman \u0130srail&#8217;in bug\u00fcn ak\u015fam saat 19:30 sular\u0131nda insans\u0131z bir ke\u015fif u\u00e7a\u011f\u0131ndan Kunaytra\u2019n\u0131n Baas Kentinde bir yerle\u015fim binas\u0131n\u0131 iki f\u00fczeyle hedef almas\u0131 sonucunda binada maddi hasar\u0131n olu\u015ftu\u011funu belirtti."},"content":{"rendered":"<p>Ordu ve Silahl\u0131 Kuvvetler Genel Komutanl\u0131\u011f\u0131; Siyonist d\u00fc\u015fman \u0130srail&#8217;in bug\u00fcn ak\u015fam saat 19:30 sular\u0131nda insans\u0131z bir ke\u015fif u\u00e7a\u011f\u0131ndan Kunaytra\u2019n\u0131n Baas Kentinde bir yerle\u015fim binas\u0131n\u0131 iki f\u00fczeyle hedef almas\u0131 sonucunda binada maddi hasar\u0131n olu\u015ftu\u011funu belirtti.<\/p>\n","protected":false},"excerpt":{"rendered":"<p>Ordu ve Silahl\u0131 Kuvvetler Genel Komutanl\u0131\u011f\u0131; Siyonist d\u00fc\u015fman \u0130srail&#8217;in bug\u00fcn ak\u015fam saat 19:30 sular\u0131nda insans\u0131z bir ke\u015fif u\u00e7a\u011f\u0131ndan Kunaytra\u2019n\u0131n Baas Kentinde bir yerle\u015fim binas\u0131n\u0131 iki f\u00fczeyle hedef almas\u0131 sonucunda binada maddi hasar\u0131n olu\u015ftu\u011funu belirtti.<\/p>\n","protected":false},"author":1,"featured_media":0,"comment_status":"closed","ping_status":"closed","sticky":false,"template":"","format":"standard","meta":{"footnotes":""},"categories":[17991],"tags":[],"class_list":["post-80915","post","type-post","status-publish","format-standard","","category-son-dakika"],"_links":{"self":[{"href":"https:\/\/archive.sana.sy\/tr\/index.php?rest_route=\/wp\/v2\/posts\/80915","targetHints":{"allow":["GET"]}}],"collection":[{"href":"https:\/\/archive.sana.sy\/tr\/index.php?rest_route=\/wp\/v2\/posts"}],"about":[{"href":"https:\/\/archive.sana.sy\/tr\/index.php?rest_route=\/wp\/v2\/types\/post"}],"author":[{"embeddable":true,"href":"https:\/\/archive.sana.sy\/tr\/index.php?rest_route=\/wp\/v2\/users\/1"}],"replies":[{"embeddable":true,"href":"https:\/\/archive.sana.sy\/tr\/index.php?rest_route=%2Fwp%2Fv2%2Fcomments&post=80915"}],"version-history":[{"count":0,"href":"https:\/\/archive.sana.sy\/tr\/index.php?rest_route=\/wp\/v2\/posts\/80915\/revisions"}],"wp:attachment":[{"href":"https:\/\/archive.sana.sy\/tr\/index.php?rest_route=%2Fwp%2Fv2%2Fmedia&parent=80915"}],"wp:term":[{"taxonomy":"category","embeddable":true,"href":"https:\/\/archive.sana.sy\/tr\/index.php?rest_route=%2Fwp%2Fv2%2Fcategories&post=80915"},{"taxonomy":"post_tag","embeddable":true,"href":"https:\/\/archive.sana.sy\/tr\/index.php?rest_route=%2Fwp%2Fv2%2Ftags&post=80915"}],"curies":[{"name":"wp","href":"https:\/\/api.w.org\/{rel}","templated":true}]}}