{"id":80920,"date":"2016-07-25T20:18:43","date_gmt":"2016-07-25T17:18:43","guid":{"rendered":"http:\/\/www.sana.sy\/tr\/?p=80920"},"modified":"2016-07-26T14:13:30","modified_gmt":"2016-07-26T11:13:30","slug":"genel-komutanlik-bugun-sananin-bir-nushasini-aldigi-beyanda-siyonist-israilin-bu-acik-saldirisinin-teror-orgutlere-aleni-destegi-cercevesinde-geldigine-dikkat-cekti","status":"publish","type":"post","link":"https:\/\/archive.sana.sy\/tr\/?p=80920","title":{"rendered":"Genel Komutanl\u0131k bug\u00fcn SANA\u2019n\u0131n bir n\u00fcshas\u0131n\u0131 ald\u0131\u011f\u0131 beyanda; Siyonist \u0130srail&#8217;in bu a\u00e7\u0131k sald\u0131r\u0131s\u0131n\u0131n, ter\u00f6r \u00f6rg\u00fctlere aleni deste\u011fi \u00e7er\u00e7evesinde geldi\u011fine dikkat \u00e7ekti."},"content":{"rendered":"<p>Genel Komutanl\u0131k bug\u00fcn SANA\u2019n\u0131n bir n\u00fcshas\u0131n\u0131 ald\u0131\u011f\u0131 beyanda; Siyonist \u0130srail&#8217;in bu a\u00e7\u0131k sald\u0131r\u0131s\u0131n\u0131n, ter\u00f6r \u00f6rg\u00fctlere aleni deste\u011fi \u00e7er\u00e7evesinde geldi\u011fine dikkat \u00e7ekti.<\/p>\n","protected":false},"excerpt":{"rendered":"<p>Genel Komutanl\u0131k bug\u00fcn SANA\u2019n\u0131n bir n\u00fcshas\u0131n\u0131 ald\u0131\u011f\u0131 beyanda; Siyonist \u0130srail&#8217;in bu a\u00e7\u0131k sald\u0131r\u0131s\u0131n\u0131n, ter\u00f6r \u00f6rg\u00fctlere aleni deste\u011fi \u00e7er\u00e7evesinde geldi\u011fine dikkat \u00e7ekti.<\/p>\n","protected":false},"author":1,"featured_media":0,"comment_status":"closed","ping_status":"closed","sticky":false,"template":"","format":"standard","meta":{"footnotes":""},"categories":[17991],"tags":[],"class_list":["post-80920","post","type-post","status-publish","format-standard","","category-son-dakika"],"_links":{"self":[{"href":"https:\/\/archive.sana.sy\/tr\/index.php?rest_route=\/wp\/v2\/posts\/80920","targetHints":{"allow":["GET"]}}],"collection":[{"href":"https:\/\/archive.sana.sy\/tr\/index.php?rest_route=\/wp\/v2\/posts"}],"about":[{"href":"https:\/\/archive.sana.sy\/tr\/index.php?rest_route=\/wp\/v2\/types\/post"}],"author":[{"embeddable":true,"href":"https:\/\/archive.sana.sy\/tr\/index.php?rest_route=\/wp\/v2\/users\/1"}],"replies":[{"embeddable":true,"href":"https:\/\/archive.sana.sy\/tr\/index.php?rest_route=%2Fwp%2Fv2%2Fcomments&post=80920"}],"version-history":[{"count":0,"href":"https:\/\/archive.sana.sy\/tr\/index.php?rest_route=\/wp\/v2\/posts\/80920\/revisions"}],"wp:attachment":[{"href":"https:\/\/archive.sana.sy\/tr\/index.php?rest_route=%2Fwp%2Fv2%2Fmedia&parent=80920"}],"wp:term":[{"taxonomy":"category","embeddable":true,"href":"https:\/\/archive.sana.sy\/tr\/index.php?rest_route=%2Fwp%2Fv2%2Fcategories&post=80920"},{"taxonomy":"post_tag","embeddable":true,"href":"https:\/\/archive.sana.sy\/tr\/index.php?rest_route=%2Fwp%2Fv2%2Ftags&post=80920"}],"curies":[{"name":"wp","href":"https:\/\/api.w.org\/{rel}","templated":true}]}}