{"id":80925,"date":"2016-07-25T19:17:26","date_gmt":"2016-07-25T16:17:26","guid":{"rendered":"http:\/\/www.sana.sy\/tr\/?p=80925"},"modified":"2016-07-26T14:15:56","modified_gmt":"2016-07-26T11:15:56","slug":"guvenlik-konseyinin-suriyede-insani-durum-ile-ilgili-dun-duzenledigi-toplantida-bir-konusma-yapan-caferi-suriyelilerin-acilarinin-nihai-bir-sekilde-sona-ermesinin-kimi-devletlerin-yapmaya","status":"publish","type":"post","link":"https:\/\/archive.sana.sy\/tr\/?p=80925","title":{"rendered":"G\u00fcvenlik Konseyinin, Suriye\u2019de \u0130nsani Durum ile ilgili d\u00fcn d\u00fczenledi\u011fi toplant\u0131da bir konu\u015fma yapan Caferi; Suriyelilerin ac\u0131lar\u0131n\u0131n nihai bir \u015fekilde sona ermesinin, kimi devletlerin yapmaya \u00e7al\u0131\u015ft\u0131\u011f\u0131 siyasi \u015fantajla m\u00fcmk\u00fcn olmad\u0131\u011f\u0131n\u0131 ifade ederek Suriye halk\u0131n\u0131n s\u00f6z konusu devletler taraf\u0131ndan sunulan, ya ter\u00f6r devam edecek ya da \u00fclkeyi kaosa teslim etmek gibi bir birinden k\u00f6t\u00fc iki se\u00e7enekten birini se\u00e7mek zorunda olmad\u0131\u011f\u0131n\u0131 vurgulad\u0131."},"content":{"rendered":"<p>G\u00fcvenlik Konseyinin, Suriye\u2019de \u0130nsani Durum ile ilgili d\u00fcn d\u00fczenledi\u011fi toplant\u0131da bir konu\u015fma yapan Caferi; Suriyelilerin ac\u0131lar\u0131n\u0131n nihai bir \u015fekilde sona ermesinin, kimi devletlerin yapmaya \u00e7al\u0131\u015ft\u0131\u011f\u0131 siyasi \u015fantajla m\u00fcmk\u00fcn olmad\u0131\u011f\u0131n\u0131 ifade ederek Suriye halk\u0131n\u0131n s\u00f6z konusu devletler taraf\u0131ndan sunulan, ya ter\u00f6r devam edecek ya da \u00fclkeyi kaosa teslim etmek gibi bir birinden k\u00f6t\u00fc iki se\u00e7enekten birini se\u00e7mek zorunda olmad\u0131\u011f\u0131n\u0131 vurgulad\u0131.<\/p>\n","protected":false},"excerpt":{"rendered":"<p>G\u00fcvenlik Konseyinin, Suriye\u2019de \u0130nsani Durum ile ilgili d\u00fcn d\u00fczenledi\u011fi toplant\u0131da bir konu\u015fma yapan Caferi; Suriyelilerin ac\u0131lar\u0131n\u0131n nihai bir \u015fekilde sona ermesinin, kimi devletlerin yapmaya \u00e7al\u0131\u015ft\u0131\u011f\u0131 siyasi \u015fantajla m\u00fcmk\u00fcn olmad\u0131\u011f\u0131n\u0131 ifade ederek Suriye halk\u0131n\u0131n s\u00f6z konusu devletler taraf\u0131ndan sunulan, ya ter\u00f6r devam edecek ya da \u00fclkeyi kaosa teslim etmek gibi bir birinden k\u00f6t\u00fc iki se\u00e7enekten birini &hellip;<\/p>\n","protected":false},"author":1,"featured_media":0,"comment_status":"closed","ping_status":"closed","sticky":false,"template":"","format":"standard","meta":{"footnotes":""},"categories":[17991],"tags":[],"class_list":["post-80925","post","type-post","status-publish","format-standard","","category-son-dakika"],"_links":{"self":[{"href":"https:\/\/archive.sana.sy\/tr\/index.php?rest_route=\/wp\/v2\/posts\/80925","targetHints":{"allow":["GET"]}}],"collection":[{"href":"https:\/\/archive.sana.sy\/tr\/index.php?rest_route=\/wp\/v2\/posts"}],"about":[{"href":"https:\/\/archive.sana.sy\/tr\/index.php?rest_route=\/wp\/v2\/types\/post"}],"author":[{"embeddable":true,"href":"https:\/\/archive.sana.sy\/tr\/index.php?rest_route=\/wp\/v2\/users\/1"}],"replies":[{"embeddable":true,"href":"https:\/\/archive.sana.sy\/tr\/index.php?rest_route=%2Fwp%2Fv2%2Fcomments&post=80925"}],"version-history":[{"count":0,"href":"https:\/\/archive.sana.sy\/tr\/index.php?rest_route=\/wp\/v2\/posts\/80925\/revisions"}],"wp:attachment":[{"href":"https:\/\/archive.sana.sy\/tr\/index.php?rest_route=%2Fwp%2Fv2%2Fmedia&parent=80925"}],"wp:term":[{"taxonomy":"category","embeddable":true,"href":"https:\/\/archive.sana.sy\/tr\/index.php?rest_route=%2Fwp%2Fv2%2Fcategories&post=80925"},{"taxonomy":"post_tag","embeddable":true,"href":"https:\/\/archive.sana.sy\/tr\/index.php?rest_route=%2Fwp%2Fv2%2Ftags&post=80925"}],"curies":[{"name":"wp","href":"https:\/\/api.w.org\/{rel}","templated":true}]}}