{"id":80926,"date":"2016-07-25T19:25:31","date_gmt":"2016-07-25T16:25:31","guid":{"rendered":"http:\/\/www.sana.sy\/tr\/?p=80926"},"modified":"2016-07-26T14:17:15","modified_gmt":"2016-07-26T11:17:15","slug":"suriye-halkina-dayatilan-krizin-gercek-ve-tek-sebebinin-uluslararasi-destekli-teror-oldugunun-alini-cizen-caferi-suriye-halkinin-sikintilarina-ve-acilarina-son-vermenin-tek-yolunun-terorle-mucadele-v","status":"publish","type":"post","link":"https:\/\/archive.sana.sy\/tr\/?p=80926","title":{"rendered":"Suriye halk\u0131na dayat\u0131lan krizin ger\u00e7ek ve tek sebebinin uluslararas\u0131 destekli ter\u00f6r oldu\u011funun al\u0131n\u0131 \u00e7izen Caferi; Suriye halk\u0131n\u0131n s\u0131k\u0131nt\u0131lar\u0131na ve ac\u0131lar\u0131na son vermenin tek yolunun ter\u00f6rle m\u00fccadele ve ter\u00f6re sa\u011flanan deste\u011fe son verilmesi oldu\u011funu vurgulad\u0131."},"content":{"rendered":"<p>Suriye halk\u0131na dayat\u0131lan krizin ger\u00e7ek ve tek sebebinin uluslararas\u0131 destekli ter\u00f6r oldu\u011funun al\u0131n\u0131 \u00e7izen Caferi; Suriye halk\u0131n\u0131n s\u0131k\u0131nt\u0131lar\u0131na ve ac\u0131lar\u0131na son vermenin tek yolunun ter\u00f6rle m\u00fccadele ve ter\u00f6re sa\u011flanan deste\u011fe son verilmesi oldu\u011funu vurgulad\u0131.<\/p>\n","protected":false},"excerpt":{"rendered":"<p>Suriye halk\u0131na dayat\u0131lan krizin ger\u00e7ek ve tek sebebinin uluslararas\u0131 destekli ter\u00f6r oldu\u011funun al\u0131n\u0131 \u00e7izen Caferi; Suriye halk\u0131n\u0131n s\u0131k\u0131nt\u0131lar\u0131na ve ac\u0131lar\u0131na son vermenin tek yolunun ter\u00f6rle m\u00fccadele ve ter\u00f6re sa\u011flanan deste\u011fe son verilmesi oldu\u011funu vurgulad\u0131.<\/p>\n","protected":false},"author":1,"featured_media":0,"comment_status":"closed","ping_status":"closed","sticky":false,"template":"","format":"standard","meta":{"footnotes":""},"categories":[17991],"tags":[],"class_list":["post-80926","post","type-post","status-publish","format-standard","","category-son-dakika"],"_links":{"self":[{"href":"https:\/\/archive.sana.sy\/tr\/index.php?rest_route=\/wp\/v2\/posts\/80926","targetHints":{"allow":["GET"]}}],"collection":[{"href":"https:\/\/archive.sana.sy\/tr\/index.php?rest_route=\/wp\/v2\/posts"}],"about":[{"href":"https:\/\/archive.sana.sy\/tr\/index.php?rest_route=\/wp\/v2\/types\/post"}],"author":[{"embeddable":true,"href":"https:\/\/archive.sana.sy\/tr\/index.php?rest_route=\/wp\/v2\/users\/1"}],"replies":[{"embeddable":true,"href":"https:\/\/archive.sana.sy\/tr\/index.php?rest_route=%2Fwp%2Fv2%2Fcomments&post=80926"}],"version-history":[{"count":0,"href":"https:\/\/archive.sana.sy\/tr\/index.php?rest_route=\/wp\/v2\/posts\/80926\/revisions"}],"wp:attachment":[{"href":"https:\/\/archive.sana.sy\/tr\/index.php?rest_route=%2Fwp%2Fv2%2Fmedia&parent=80926"}],"wp:term":[{"taxonomy":"category","embeddable":true,"href":"https:\/\/archive.sana.sy\/tr\/index.php?rest_route=%2Fwp%2Fv2%2Fcategories&post=80926"},{"taxonomy":"post_tag","embeddable":true,"href":"https:\/\/archive.sana.sy\/tr\/index.php?rest_route=%2Fwp%2Fv2%2Ftags&post=80926"}],"curies":[{"name":"wp","href":"https:\/\/api.w.org\/{rel}","templated":true}]}}