{"id":80932,"date":"2016-07-25T19:23:01","date_gmt":"2016-07-25T16:23:01","guid":{"rendered":"http:\/\/www.sana.sy\/tr\/?p=80932"},"modified":"2016-07-26T14:16:49","modified_gmt":"2016-07-26T11:16:49","slug":"suriye-halkinin-acilarinin-sona-ermesinin-tek-yolunun-uluslararasi-guvenlik-konseyinde-bulunan-butun-uyelerin-ve-herkesin-de-bildigi-gibi-suriye-halkina-dayatilan-krizin-gercek-sebeplerinin-ortadan-ka","status":"publish","type":"post","link":"https:\/\/archive.sana.sy\/tr\/?p=80932","title":{"rendered":"Suriye halk\u0131n\u0131n ac\u0131lar\u0131n\u0131n sona ermesinin tek yolunun Uluslararas\u0131 G\u00fcvenlik Konseyinde bulunan b\u00fct\u00fcn \u00fcyelerin ve herkesin de bildi\u011fi gibi Suriye halk\u0131na dayat\u0131lan krizin ger\u00e7ek sebeplerinin ortadan kald\u0131r\u0131lmas\u0131 ile m\u00fcmk\u00fcn olaca\u011f\u0131n\u0131 dile getiren Caferi; G\u00fcvenlik Konseyi \u00fcyelerinin baz\u0131lar\u0131n\u0131n hala bu ger\u00e7ek sebepleri g\u00f6rmezden gelme konusunda \u0131srarl\u0131 oldu\u011funa dikkat \u00e7ekti."},"content":{"rendered":"<p>Suriye halk\u0131n\u0131n ac\u0131lar\u0131n\u0131n sona ermesinin tek yolunun Uluslararas\u0131 G\u00fcvenlik Konseyinde bulunan b\u00fct\u00fcn \u00fcyelerin ve herkesin de bildi\u011fi gibi Suriye halk\u0131na dayat\u0131lan krizin ger\u00e7ek sebeplerinin ortadan kald\u0131r\u0131lmas\u0131 ile m\u00fcmk\u00fcn olaca\u011f\u0131n\u0131 dile getiren Caferi; G\u00fcvenlik Konseyi \u00fcyelerinin baz\u0131lar\u0131n\u0131n hala bu ger\u00e7ek sebepleri g\u00f6rmezden gelme konusunda \u0131srarl\u0131 oldu\u011funa dikkat \u00e7ekti.<\/p>\n","protected":false},"excerpt":{"rendered":"<p>Suriye halk\u0131n\u0131n ac\u0131lar\u0131n\u0131n sona ermesinin tek yolunun Uluslararas\u0131 G\u00fcvenlik Konseyinde bulunan b\u00fct\u00fcn \u00fcyelerin ve herkesin de bildi\u011fi gibi Suriye halk\u0131na dayat\u0131lan krizin ger\u00e7ek sebeplerinin ortadan kald\u0131r\u0131lmas\u0131 ile m\u00fcmk\u00fcn olaca\u011f\u0131n\u0131 dile getiren Caferi; G\u00fcvenlik Konseyi \u00fcyelerinin baz\u0131lar\u0131n\u0131n hala bu ger\u00e7ek sebepleri g\u00f6rmezden gelme konusunda \u0131srarl\u0131 oldu\u011funa dikkat \u00e7ekti.<\/p>\n","protected":false},"author":1,"featured_media":0,"comment_status":"closed","ping_status":"closed","sticky":false,"template":"","format":"standard","meta":{"footnotes":""},"categories":[17991],"tags":[],"class_list":["post-80932","post","type-post","status-publish","format-standard","","category-son-dakika"],"_links":{"self":[{"href":"https:\/\/archive.sana.sy\/tr\/index.php?rest_route=\/wp\/v2\/posts\/80932","targetHints":{"allow":["GET"]}}],"collection":[{"href":"https:\/\/archive.sana.sy\/tr\/index.php?rest_route=\/wp\/v2\/posts"}],"about":[{"href":"https:\/\/archive.sana.sy\/tr\/index.php?rest_route=\/wp\/v2\/types\/post"}],"author":[{"embeddable":true,"href":"https:\/\/archive.sana.sy\/tr\/index.php?rest_route=\/wp\/v2\/users\/1"}],"replies":[{"embeddable":true,"href":"https:\/\/archive.sana.sy\/tr\/index.php?rest_route=%2Fwp%2Fv2%2Fcomments&post=80932"}],"version-history":[{"count":0,"href":"https:\/\/archive.sana.sy\/tr\/index.php?rest_route=\/wp\/v2\/posts\/80932\/revisions"}],"wp:attachment":[{"href":"https:\/\/archive.sana.sy\/tr\/index.php?rest_route=%2Fwp%2Fv2%2Fmedia&parent=80932"}],"wp:term":[{"taxonomy":"category","embeddable":true,"href":"https:\/\/archive.sana.sy\/tr\/index.php?rest_route=%2Fwp%2Fv2%2Fcategories&post=80932"},{"taxonomy":"post_tag","embeddable":true,"href":"https:\/\/archive.sana.sy\/tr\/index.php?rest_route=%2Fwp%2Fv2%2Ftags&post=80932"}],"curies":[{"name":"wp","href":"https:\/\/api.w.org\/{rel}","templated":true}]}}