{"id":80938,"date":"2016-07-26T08:06:30","date_gmt":"2016-07-26T05:06:30","guid":{"rendered":"http:\/\/www.sana.sy\/tr\/?p=80938"},"modified":"2016-07-26T14:18:57","modified_gmt":"2016-07-26T11:18:57","slug":"hamada-sana-muhabiri-kaide-orgutunun-suriye-kolu-nusra-cephesi-ve-ahrar-el-sam-islami-hareketi-adi-altinda-faaliyet-gosteren-tekfirci-teroristlerin-bugun-hama-kirsalinda-zara-elektrik-istasy","status":"publish","type":"post","link":"https:\/\/archive.sana.sy\/tr\/?p=80938","title":{"rendered":"Hama\u2019da SANA muhabiri; Kaide \u00d6rg\u00fct\u00fcn\u00fcn Suriye kolu Nusra Cephesi ve Ahrar el \u015eam \u0130slami Hareketi ad\u0131 alt\u0131nda faaliyet g\u00f6steren tekfirci ter\u00f6ristlerin bug\u00fcn Hama k\u0131rsal\u0131nda Zara Elektrik \u0130stasyonunu f\u00fczelerle hedef ald\u0131klar\u0131n\u0131 aktard\u0131. Muhabir ter\u00f6r sald\u0131r\u0131s\u0131 sonucunda istasyonun hizmet d\u0131\u015f\u0131 kald\u0131\u011f\u0131n\u0131 belirtti."},"content":{"rendered":"<p>Hama\u2019da SANA muhabiri; Kaide \u00d6rg\u00fct\u00fcn\u00fcn Suriye kolu Nusra Cephesi ve Ahrar el \u015eam \u0130slami Hareketi ad\u0131 alt\u0131nda faaliyet g\u00f6steren tekfirci ter\u00f6ristlerin bug\u00fcn Hama k\u0131rsal\u0131nda Zara Elektrik \u0130stasyonunu f\u00fczelerle hedef ald\u0131klar\u0131n\u0131 aktard\u0131. Muhabir ter\u00f6r sald\u0131r\u0131s\u0131 sonucunda istasyonun hizmet d\u0131\u015f\u0131 kald\u0131\u011f\u0131n\u0131 belirtti.<\/p>\n","protected":false},"excerpt":{"rendered":"<p>Hama\u2019da SANA muhabiri; Kaide \u00d6rg\u00fct\u00fcn\u00fcn Suriye kolu Nusra Cephesi ve Ahrar el \u015eam \u0130slami Hareketi ad\u0131 alt\u0131nda faaliyet g\u00f6steren tekfirci ter\u00f6ristlerin bug\u00fcn Hama k\u0131rsal\u0131nda Zara Elektrik \u0130stasyonunu f\u00fczelerle hedef ald\u0131klar\u0131n\u0131 aktard\u0131. Muhabir ter\u00f6r sald\u0131r\u0131s\u0131 sonucunda istasyonun hizmet d\u0131\u015f\u0131 kald\u0131\u011f\u0131n\u0131 belirtti.<\/p>\n","protected":false},"author":1,"featured_media":0,"comment_status":"closed","ping_status":"closed","sticky":false,"template":"","format":"standard","meta":{"footnotes":""},"categories":[17991],"tags":[],"class_list":["post-80938","post","type-post","status-publish","format-standard","","category-son-dakika"],"_links":{"self":[{"href":"https:\/\/archive.sana.sy\/tr\/index.php?rest_route=\/wp\/v2\/posts\/80938","targetHints":{"allow":["GET"]}}],"collection":[{"href":"https:\/\/archive.sana.sy\/tr\/index.php?rest_route=\/wp\/v2\/posts"}],"about":[{"href":"https:\/\/archive.sana.sy\/tr\/index.php?rest_route=\/wp\/v2\/types\/post"}],"author":[{"embeddable":true,"href":"https:\/\/archive.sana.sy\/tr\/index.php?rest_route=\/wp\/v2\/users\/1"}],"replies":[{"embeddable":true,"href":"https:\/\/archive.sana.sy\/tr\/index.php?rest_route=%2Fwp%2Fv2%2Fcomments&post=80938"}],"version-history":[{"count":0,"href":"https:\/\/archive.sana.sy\/tr\/index.php?rest_route=\/wp\/v2\/posts\/80938\/revisions"}],"wp:attachment":[{"href":"https:\/\/archive.sana.sy\/tr\/index.php?rest_route=%2Fwp%2Fv2%2Fmedia&parent=80938"}],"wp:term":[{"taxonomy":"category","embeddable":true,"href":"https:\/\/archive.sana.sy\/tr\/index.php?rest_route=%2Fwp%2Fv2%2Fcategories&post=80938"},{"taxonomy":"post_tag","embeddable":true,"href":"https:\/\/archive.sana.sy\/tr\/index.php?rest_route=%2Fwp%2Fv2%2Ftags&post=80938"}],"curies":[{"name":"wp","href":"https:\/\/api.w.org\/{rel}","templated":true}]}}