{"id":80943,"date":"2016-07-26T09:06:01","date_gmt":"2016-07-26T06:06:01","guid":{"rendered":"http:\/\/www.sana.sy\/tr\/?p=80943"},"modified":"2016-07-26T14:19:36","modified_gmt":"2016-07-26T11:19:36","slug":"rusya-disisleri-bakani-sergey-lavrov-abdnin-yapabilecegini-bircok-kez-ifade-etmesine-ragmen-suriyede-ilimli-muhalifler-adini-verdigi-silahli-gruplari-teror-orgutlerden-a","status":"publish","type":"post","link":"https:\/\/archive.sana.sy\/tr\/?p=80943","title":{"rendered":"Rusya D\u0131\u015fi\u015fleri Bakan\u0131 Sergey Lavrov; ABD\u2019nin yapabilece\u011fini bir\u00e7ok kez ifade etmesine ra\u011fmen, Suriye&#8217;de \u2018\u0131l\u0131ml\u0131 muhalifler\u2019 ad\u0131n\u0131 verdi\u011fi silahl\u0131 gruplar\u0131 ter\u00f6r \u00f6rg\u00fctlerden ay\u0131rmay\u0131 ba\u015faramad\u0131\u011f\u0131n\u0131 belirtti."},"content":{"rendered":"<p>Rusya D\u0131\u015fi\u015fleri Bakan\u0131 Sergey Lavrov; ABD\u2019nin yapabilece\u011fini bir\u00e7ok kez ifade etmesine ra\u011fmen, Suriye&#8217;de \u2018\u0131l\u0131ml\u0131 muhalifler\u2019 ad\u0131n\u0131 verdi\u011fi silahl\u0131 gruplar\u0131 ter\u00f6r \u00f6rg\u00fctlerden ay\u0131rmay\u0131 ba\u015faramad\u0131\u011f\u0131n\u0131 belirtti.<\/p>\n","protected":false},"excerpt":{"rendered":"<p>Rusya D\u0131\u015fi\u015fleri Bakan\u0131 Sergey Lavrov; ABD\u2019nin yapabilece\u011fini bir\u00e7ok kez ifade etmesine ra\u011fmen, Suriye&#8217;de \u2018\u0131l\u0131ml\u0131 muhalifler\u2019 ad\u0131n\u0131 verdi\u011fi silahl\u0131 gruplar\u0131 ter\u00f6r \u00f6rg\u00fctlerden ay\u0131rmay\u0131 ba\u015faramad\u0131\u011f\u0131n\u0131 belirtti.<\/p>\n","protected":false},"author":1,"featured_media":0,"comment_status":"closed","ping_status":"closed","sticky":false,"template":"","format":"standard","meta":{"footnotes":""},"categories":[17991],"tags":[],"class_list":["post-80943","post","type-post","status-publish","format-standard","","category-son-dakika"],"_links":{"self":[{"href":"https:\/\/archive.sana.sy\/tr\/index.php?rest_route=\/wp\/v2\/posts\/80943","targetHints":{"allow":["GET"]}}],"collection":[{"href":"https:\/\/archive.sana.sy\/tr\/index.php?rest_route=\/wp\/v2\/posts"}],"about":[{"href":"https:\/\/archive.sana.sy\/tr\/index.php?rest_route=\/wp\/v2\/types\/post"}],"author":[{"embeddable":true,"href":"https:\/\/archive.sana.sy\/tr\/index.php?rest_route=\/wp\/v2\/users\/1"}],"replies":[{"embeddable":true,"href":"https:\/\/archive.sana.sy\/tr\/index.php?rest_route=%2Fwp%2Fv2%2Fcomments&post=80943"}],"version-history":[{"count":0,"href":"https:\/\/archive.sana.sy\/tr\/index.php?rest_route=\/wp\/v2\/posts\/80943\/revisions"}],"wp:attachment":[{"href":"https:\/\/archive.sana.sy\/tr\/index.php?rest_route=%2Fwp%2Fv2%2Fmedia&parent=80943"}],"wp:term":[{"taxonomy":"category","embeddable":true,"href":"https:\/\/archive.sana.sy\/tr\/index.php?rest_route=%2Fwp%2Fv2%2Fcategories&post=80943"},{"taxonomy":"post_tag","embeddable":true,"href":"https:\/\/archive.sana.sy\/tr\/index.php?rest_route=%2Fwp%2Fv2%2Ftags&post=80943"}],"curies":[{"name":"wp","href":"https:\/\/api.w.org\/{rel}","templated":true}]}}