{"id":80944,"date":"2016-07-26T09:12:19","date_gmt":"2016-07-26T06:12:19","guid":{"rendered":"http:\/\/www.sana.sy\/tr\/?p=80944"},"modified":"2016-07-26T14:20:22","modified_gmt":"2016-07-26T11:20:22","slug":"bm-genel-sekreterinin-suriye-ozel-temsilcisi-staffan-de-misturanin-cabalari-konusunda-ise-lavrov-de-misturanin-su-ana-dek-suriyenin-gelecegini-kararlastirabilecek-taraflari-bir-a","status":"publish","type":"post","link":"https:\/\/archive.sana.sy\/tr\/?p=80944","title":{"rendered":"BM genel sekreterinin Suriye \u00f6zel temsilcisi Staffan de Mistura\u2019n\u0131n \u00e7abalar\u0131 konusunda ise Lavrov; de Mistura\u2019n\u0131n \u015fu ana dek, Suriye&#8217;nin gelece\u011fini kararla\u015ft\u0131rabilecek taraflar\u0131 bir araya getirmeyi ba\u015faramad\u0131\u011f\u0131n\u0131 ifade etti."},"content":{"rendered":"<p>BM genel sekreterinin Suriye \u00f6zel temsilcisi Staffan de Mistura\u2019n\u0131n \u00e7abalar\u0131 konusunda ise Lavrov; de Mistura\u2019n\u0131n \u015fu ana dek, Suriye&#8217;nin gelece\u011fini kararla\u015ft\u0131rabilecek taraflar\u0131 bir araya getirmeyi ba\u015faramad\u0131\u011f\u0131n\u0131 ifade etti.<\/p>\n","protected":false},"excerpt":{"rendered":"<p>BM genel sekreterinin Suriye \u00f6zel temsilcisi Staffan de Mistura\u2019n\u0131n \u00e7abalar\u0131 konusunda ise Lavrov; de Mistura\u2019n\u0131n \u015fu ana dek, Suriye&#8217;nin gelece\u011fini kararla\u015ft\u0131rabilecek taraflar\u0131 bir araya getirmeyi ba\u015faramad\u0131\u011f\u0131n\u0131 ifade etti.<\/p>\n","protected":false},"author":1,"featured_media":0,"comment_status":"closed","ping_status":"closed","sticky":false,"template":"","format":"standard","meta":{"footnotes":""},"categories":[17991],"tags":[],"class_list":["post-80944","post","type-post","status-publish","format-standard","","category-son-dakika"],"_links":{"self":[{"href":"https:\/\/archive.sana.sy\/tr\/index.php?rest_route=\/wp\/v2\/posts\/80944","targetHints":{"allow":["GET"]}}],"collection":[{"href":"https:\/\/archive.sana.sy\/tr\/index.php?rest_route=\/wp\/v2\/posts"}],"about":[{"href":"https:\/\/archive.sana.sy\/tr\/index.php?rest_route=\/wp\/v2\/types\/post"}],"author":[{"embeddable":true,"href":"https:\/\/archive.sana.sy\/tr\/index.php?rest_route=\/wp\/v2\/users\/1"}],"replies":[{"embeddable":true,"href":"https:\/\/archive.sana.sy\/tr\/index.php?rest_route=%2Fwp%2Fv2%2Fcomments&post=80944"}],"version-history":[{"count":0,"href":"https:\/\/archive.sana.sy\/tr\/index.php?rest_route=\/wp\/v2\/posts\/80944\/revisions"}],"wp:attachment":[{"href":"https:\/\/archive.sana.sy\/tr\/index.php?rest_route=%2Fwp%2Fv2%2Fmedia&parent=80944"}],"wp:term":[{"taxonomy":"category","embeddable":true,"href":"https:\/\/archive.sana.sy\/tr\/index.php?rest_route=%2Fwp%2Fv2%2Fcategories&post=80944"},{"taxonomy":"post_tag","embeddable":true,"href":"https:\/\/archive.sana.sy\/tr\/index.php?rest_route=%2Fwp%2Fv2%2Ftags&post=80944"}],"curies":[{"name":"wp","href":"https:\/\/api.w.org\/{rel}","templated":true}]}}