{"id":80947,"date":"2016-07-26T14:36:20","date_gmt":"2016-07-26T11:36:20","guid":{"rendered":"http:\/\/www.sana.sy\/tr\/?p=80947"},"modified":"2016-07-27T10:07:19","modified_gmt":"2016-07-27T07:07:19","slug":"guvenli-cikis-ve-barinak-temin-etti","status":"publish","type":"post","link":"https:\/\/archive.sana.sy\/tr\/?p=80947","title":{"rendered":"G\u00fcvenli \u00c7\u0131k\u0131\u015f ve Bar\u0131nak Temin Etti"},"content":{"rendered":"<p>HALEP \u2013 Ordu ve Silahl\u0131 Kuvvetler Genel Komutanl\u0131\u011f\u0131 bug\u00fcn, Halep Kentinin do\u011fu semtlerinde bulunan vatanda\u015flar\u0131 ulusal uzla\u015fma \u00e7abalar\u0131na dahil olma ve yabanc\u0131 kiral\u0131k katilleri semtlerinden kovmalar\u0131na \u00e7a\u011f\u0131rd\u0131.<\/p>\n<p>Genel Komutanl\u0131k Halep\u2019in do\u011fu semtlerinde bulunan vatanda\u015flar ve silahl\u0131lar\u0131n cep telefonlar\u0131na g\u00f6nderdi\u011fi k\u0131sa mesajlarda semtlerden \u00e7\u0131kmak isteyen vatanda\u015flara g\u00fcvenli \u00e7\u0131k\u0131\u015flar belirleyip ge\u00e7ici ikamet merkezleri de temin etti\u011fini belirtti.<\/p>\n<p>S\u00f6z konusu b\u00f6lgeden \u00e7\u0131kmak isteyen t\u00fcm vatanda\u015flara bar\u0131nak temin etme ve temel ihtiya\u00e7lar\u0131n\u0131 kar\u015f\u0131lama \u00f6zenini vurgulayan Genel Komutanl\u0131k, silahl\u0131 vatanda\u015flardan da silahlar\u0131n\u0131 b\u0131rak\u0131p normal ya\u015famlar\u0131na d\u00f6nmeleri i\u00e7in af karar\u0131ndan faydalanmalar\u0131n\u0131 talep etti.<\/p>\n","protected":false},"excerpt":{"rendered":"<p>HALEP \u2013 Ordu ve Silahl\u0131 Kuvvetler Genel Komutanl\u0131\u011f\u0131 bug\u00fcn, Halep Kentinin do\u011fu semtlerinde bulunan vatanda\u015flar\u0131 ulusal uzla\u015fma \u00e7abalar\u0131na dahil olma ve yabanc\u0131 kiral\u0131k katilleri semtlerinden kovmalar\u0131na \u00e7a\u011f\u0131rd\u0131. Genel Komutanl\u0131k Halep\u2019in do\u011fu semtlerinde bulunan vatanda\u015flar ve silahl\u0131lar\u0131n cep telefonlar\u0131na g\u00f6nderdi\u011fi k\u0131sa mesajlarda semtlerden \u00e7\u0131kmak isteyen vatanda\u015flara g\u00fcvenli \u00e7\u0131k\u0131\u015flar belirleyip ge\u00e7ici ikamet merkezleri de temin etti\u011fini belirtti. &hellip;<\/p>\n","protected":false},"author":1,"featured_media":80834,"comment_status":"closed","ping_status":"closed","sticky":false,"template":"","format":"standard","meta":{"footnotes":""},"categories":[479,575,17988,478],"tags":[3464,18237,22121,21585,22691,18347,18674,11549,19043,22182,19034],"class_list":["post-80947","post","type-post","status-publish","format-standard","has-post-thumbnail","","category-haberler-yerel","category-olaylar-ve-gercekler","category-son-haberler","category-yerel","tag-nusra-cephesi","tag-cihatcilar","tag-genel-komutanlik","tag-halepte-son-durum","tag-ordu-ve-silahli-kuvvetler","tag-oso","tag-silahli-muhalifler","tag-suriye-ordusu","tag-suriyede-son-durum","tag-suriyede-savas","tag-suriyeli-muhalifler"],"_links":{"self":[{"href":"https:\/\/archive.sana.sy\/tr\/index.php?rest_route=\/wp\/v2\/posts\/80947","targetHints":{"allow":["GET"]}}],"collection":[{"href":"https:\/\/archive.sana.sy\/tr\/index.php?rest_route=\/wp\/v2\/posts"}],"about":[{"href":"https:\/\/archive.sana.sy\/tr\/index.php?rest_route=\/wp\/v2\/types\/post"}],"author":[{"embeddable":true,"href":"https:\/\/archive.sana.sy\/tr\/index.php?rest_route=\/wp\/v2\/users\/1"}],"replies":[{"embeddable":true,"href":"https:\/\/archive.sana.sy\/tr\/index.php?rest_route=%2Fwp%2Fv2%2Fcomments&post=80947"}],"version-history":[{"count":0,"href":"https:\/\/archive.sana.sy\/tr\/index.php?rest_route=\/wp\/v2\/posts\/80947\/revisions"}],"wp:featuredmedia":[{"embeddable":true,"href":"https:\/\/archive.sana.sy\/tr\/index.php?rest_route=\/wp\/v2\/media\/80834"}],"wp:attachment":[{"href":"https:\/\/archive.sana.sy\/tr\/index.php?rest_route=%2Fwp%2Fv2%2Fmedia&parent=80947"}],"wp:term":[{"taxonomy":"category","embeddable":true,"href":"https:\/\/archive.sana.sy\/tr\/index.php?rest_route=%2Fwp%2Fv2%2Fcategories&post=80947"},{"taxonomy":"post_tag","embeddable":true,"href":"https:\/\/archive.sana.sy\/tr\/index.php?rest_route=%2Fwp%2Fv2%2Ftags&post=80947"}],"curies":[{"name":"wp","href":"https:\/\/api.w.org\/{rel}","templated":true}]}}