{"id":80950,"date":"2016-07-26T09:20:32","date_gmt":"2016-07-26T06:20:32","guid":{"rendered":"http:\/\/www.sana.sy\/tr\/?p=80950"},"modified":"2016-07-27T10:07:00","modified_gmt":"2016-07-27T07:07:00","slug":"abd-basaramadi","status":"publish","type":"post","link":"https:\/\/archive.sana.sy\/tr\/?p=80950","title":{"rendered":"ABD Ba\u015faramad\u0131"},"content":{"rendered":"<p>LAOS \u2013 Rusya D\u0131\u015fi\u015fleri Bakan\u0131 Sergey Lavrov; ABD\u2019nin yapabilece\u011fini bir\u00e7ok kez ifade etmesine ra\u011fmen, Suriye&#8217;de \u2018\u0131l\u0131ml\u0131 muhalifler\u2019 ad\u0131n\u0131 verdi\u011fi silahl\u0131 gruplar\u0131 ter\u00f6r \u00f6rg\u00fctlerden ay\u0131rmay\u0131 ba\u015faramad\u0131\u011f\u0131n\u0131 belirtti.<\/p>\n<p>Lavrov ABD D\u0131\u015fi\u015fleri Bakan\u0131 John Kerry ile g\u00f6r\u00fc\u015fmesinin, Suriye\u2019deki krizin \u00e7\u00f6z\u00fcm\u00fcne ili\u015fkin anla\u015fmalar\u0131 hayata ge\u00e7irmek i\u00e7in yap\u0131lmas\u0131 gerekenler \u00fczerine odakland\u0131\u011f\u0131n\u0131 s\u00f6yledi.<\/p>\n<p>BM genel sekreterinin Suriye \u00f6zel temsilcisi Staffan de Mistura\u2019n\u0131n \u00e7abalar\u0131 konusunda ise Lavrov; de Mistura\u2019n\u0131n \u015fu ana dek, Suriye&#8217;nin gelece\u011fini kararla\u015ft\u0131rabilecek taraflar\u0131 bir araya getirmeyi ba\u015faramad\u0131\u011f\u0131n\u0131 ifade etti.<\/p>\n","protected":false},"excerpt":{"rendered":"<p>LAOS \u2013 Rusya D\u0131\u015fi\u015fleri Bakan\u0131 Sergey Lavrov; ABD\u2019nin yapabilece\u011fini bir\u00e7ok kez ifade etmesine ra\u011fmen, Suriye&#8217;de \u2018\u0131l\u0131ml\u0131 muhalifler\u2019 ad\u0131n\u0131 verdi\u011fi silahl\u0131 gruplar\u0131 ter\u00f6r \u00f6rg\u00fctlerden ay\u0131rmay\u0131 ba\u015faramad\u0131\u011f\u0131n\u0131 belirtti. Lavrov ABD D\u0131\u015fi\u015fleri Bakan\u0131 John Kerry ile g\u00f6r\u00fc\u015fmesinin, Suriye\u2019deki krizin \u00e7\u00f6z\u00fcm\u00fcne ili\u015fkin anla\u015fmalar\u0131 hayata ge\u00e7irmek i\u00e7in yap\u0131lmas\u0131 gerekenler \u00fczerine odakland\u0131\u011f\u0131n\u0131 s\u00f6yledi. BM genel sekreterinin Suriye \u00f6zel temsilcisi Staffan de &hellip;<\/p>\n","protected":false},"author":1,"featured_media":80953,"comment_status":"closed","ping_status":"closed","sticky":false,"template":"","format":"standard","meta":{"footnotes":""},"categories":[458,459,17988],"tags":[19199,17025,3846,18574],"class_list":["post-80950","post","type-post","status-publish","format-standard","has-post-thumbnail","","category-dunya1","category-haberler-arap-uluslararasi-politika","category-son-haberler","tag-disisleri-bakani","tag-john-kerry","tag-sergey-lavrov","tag-suriye-krizi"],"_links":{"self":[{"href":"https:\/\/archive.sana.sy\/tr\/index.php?rest_route=\/wp\/v2\/posts\/80950","targetHints":{"allow":["GET"]}}],"collection":[{"href":"https:\/\/archive.sana.sy\/tr\/index.php?rest_route=\/wp\/v2\/posts"}],"about":[{"href":"https:\/\/archive.sana.sy\/tr\/index.php?rest_route=\/wp\/v2\/types\/post"}],"author":[{"embeddable":true,"href":"https:\/\/archive.sana.sy\/tr\/index.php?rest_route=\/wp\/v2\/users\/1"}],"replies":[{"embeddable":true,"href":"https:\/\/archive.sana.sy\/tr\/index.php?rest_route=%2Fwp%2Fv2%2Fcomments&post=80950"}],"version-history":[{"count":0,"href":"https:\/\/archive.sana.sy\/tr\/index.php?rest_route=\/wp\/v2\/posts\/80950\/revisions"}],"wp:featuredmedia":[{"embeddable":true,"href":"https:\/\/archive.sana.sy\/tr\/index.php?rest_route=\/wp\/v2\/media\/80953"}],"wp:attachment":[{"href":"https:\/\/archive.sana.sy\/tr\/index.php?rest_route=%2Fwp%2Fv2%2Fmedia&parent=80950"}],"wp:term":[{"taxonomy":"category","embeddable":true,"href":"https:\/\/archive.sana.sy\/tr\/index.php?rest_route=%2Fwp%2Fv2%2Fcategories&post=80950"},{"taxonomy":"post_tag","embeddable":true,"href":"https:\/\/archive.sana.sy\/tr\/index.php?rest_route=%2Fwp%2Fv2%2Ftags&post=80950"}],"curies":[{"name":"wp","href":"https:\/\/api.w.org\/{rel}","templated":true}]}}