{"id":8097,"date":"2014-08-24T13:26:24","date_gmt":"2014-08-24T10:26:24","guid":{"rendered":"http:\/\/www.sana.sy\/tr\/?p=8097"},"modified":"2014-08-24T13:26:24","modified_gmt":"2014-08-24T10:26:24","slug":"isid-ve-rekor-rakam-sahipleri","status":"publish","type":"post","link":"https:\/\/archive.sana.sy\/tr\/?p=8097","title":{"rendered":"I\u015e\u0130D ve Rekor Rakam Sahipleri"},"content":{"rendered":"<p>B\u00f6lgede ve d\u00fcnyada ya\u015fayan M\u00fcsl\u00fcmanlar her g\u00fcn din karde\u015flerini hedef alan yeni bir katliam haberiyle uyan\u0131yorlar&#8230;<\/p>\n<p>Katliamlar\u0131n alt\u0131nda I\u015e\u0130D ter\u00f6r \u00f6rg\u00fct\u00fcn\u00fcn imzas\u0131 bulunuyor\u2026 akla hayale s\u0131\u011fmayacak vah\u015fetler ve insanl\u0131k tarihinde g\u00f6r\u00fclmemi\u015f g\u00f6r\u00fcnt\u00fclerle g\u00fcne ba\u015fl\u0131yor \u0130slam alemi\u2026<\/p>\n<p>Ama ne yaz\u0131k ki I\u015e\u0130D\u2019in i\u015fledi\u011fi bu korkun\u00e7 katliamlar\u0131 me\u015frula\u015ft\u0131ran hatta daha da ileriye gidip savunmaktan geri durmayan taraflar bulunuyor\u2026 \u0130slam bayra\u011f\u0131n\u0131 y\u00fckseltmek\u2026 kafir ter\u00f6r\u00fcn\u00fc \u00f6nlemek\u2026 ve say\u0131s\u0131z sa\u00e7mal\u0131kla savunuyorlar bu katliamlar\u0131 kimi taraflar\u2026<\/p>\n<p>Oysa herkes biliyor ki katliamlar\u0131n alt\u0131nda imzas\u0131 bulunan I\u015e\u0130D\u2019in bat\u0131l\u0131 devletlerin istihbarat kurumlar\u0131yla ba\u011flant\u0131lar\u0131 bulunuyor.<\/p>\n<p>S\u00f6z konusu bat\u0131l\u0131 devletlerin b\u00fct\u00fcn ad\u0131mlar\u0131 ve tutumlar\u0131 bu katliamlar\u0131n yayg\u0131nla\u015fmas\u0131 ve b\u00fcy\u00fcmesine zemin haz\u0131rlarken Uluslararas\u0131 G\u00fcvenlik Konseyi, ortaya \u00e7\u0131k\u0131\u015f\u0131n\u0131 destekledi\u011fi I\u015e\u0130D ve Nusra Cephesi ile ilgili son karar\u0131nda da katliamlara kar\u015f\u0131 kararl\u0131-sert bir duru\u015f sergilemedi.<\/p>\n<p>Burada as\u0131l sorulmas\u0131 gereken sorular; \u0130slamiyet\u2019i karalayan bu silahl\u0131 ter\u00f6r gruplar\u0131n\u0131n b\u00f6lgeye ula\u015ft\u0131r\u0131lmas\u0131nda M\u00fcsl\u00fcmanlar\u0131n rol\u00fc neydi? \u2026 Herhangi bir M\u00fcsl\u00fcman\u2019\u0131n \u201ciyi ge\u00e7mi\u015fi model almak istiyorum\u201d demesi bu katliamlar\u0131 i\u015fleme hakk\u0131 verir mi? &#8230; Allah\u2019\u0131n \u015feraitini uygulad\u0131klar\u0131n\u0131 iddia eden ter\u00f6r gruplar\u0131 k\u0131yamet g\u00fcn\u00fcne ne b\u0131rak\u0131yorlar? \u2026<\/p>\n<p>\u0130slam \u00fclkelerin bat\u0131s\u0131ndan do\u011fusuna ko\u015fullar de\u011fi\u015fse de de\u011fi\u015fmeyen bir \u015fey var ki; bu kiral\u0131k ter\u00f6ristlerin i\u015fledi\u011fi katliamlar, son tahlilde sadece Arap ve \u0130slam d\u00fc\u015fmanlar\u0131n\u0131n \u00e7\u0131karlar\u0131na hizmet ediyor.<\/p>\n<p>Ahmet Davva<br \/>\nSevra Gazetesi<\/p>\n","protected":false},"excerpt":{"rendered":"<p>B\u00f6lgede ve d\u00fcnyada ya\u015fayan M\u00fcsl\u00fcmanlar her g\u00fcn din karde\u015flerini hedef alan yeni bir katliam haberiyle uyan\u0131yorlar&#8230; Katliamlar\u0131n alt\u0131nda I\u015e\u0130D ter\u00f6r \u00f6rg\u00fct\u00fcn\u00fcn imzas\u0131 bulunuyor\u2026 akla hayale s\u0131\u011fmayacak vah\u015fetler ve insanl\u0131k tarihinde g\u00f6r\u00fclmemi\u015f g\u00f6r\u00fcnt\u00fclerle g\u00fcne ba\u015fl\u0131yor \u0130slam alemi\u2026 Ama ne yaz\u0131k ki I\u015e\u0130D\u2019in i\u015fledi\u011fi bu korkun\u00e7 katliamlar\u0131 me\u015frula\u015ft\u0131ran hatta daha da ileriye gidip savunmaktan geri durmayan taraflar &hellip;<\/p>\n","protected":false},"author":1,"featured_media":8098,"comment_status":"closed","ping_status":"closed","sticky":false,"template":"","format":"standard","meta":{"footnotes":""},"categories":[556,557],"tags":[1805],"class_list":["post-8097","post","type-post","status-publish","format-standard","has-post-thumbnail","","category-basin","category-suriye-basini","tag-isid-ve-rekor-rakam-sahipleri"],"_links":{"self":[{"href":"https:\/\/archive.sana.sy\/tr\/index.php?rest_route=\/wp\/v2\/posts\/8097","targetHints":{"allow":["GET"]}}],"collection":[{"href":"https:\/\/archive.sana.sy\/tr\/index.php?rest_route=\/wp\/v2\/posts"}],"about":[{"href":"https:\/\/archive.sana.sy\/tr\/index.php?rest_route=\/wp\/v2\/types\/post"}],"author":[{"embeddable":true,"href":"https:\/\/archive.sana.sy\/tr\/index.php?rest_route=\/wp\/v2\/users\/1"}],"replies":[{"embeddable":true,"href":"https:\/\/archive.sana.sy\/tr\/index.php?rest_route=%2Fwp%2Fv2%2Fcomments&post=8097"}],"version-history":[{"count":0,"href":"https:\/\/archive.sana.sy\/tr\/index.php?rest_route=\/wp\/v2\/posts\/8097\/revisions"}],"wp:featuredmedia":[{"embeddable":true,"href":"https:\/\/archive.sana.sy\/tr\/index.php?rest_route=\/wp\/v2\/media\/8098"}],"wp:attachment":[{"href":"https:\/\/archive.sana.sy\/tr\/index.php?rest_route=%2Fwp%2Fv2%2Fmedia&parent=8097"}],"wp:term":[{"taxonomy":"category","embeddable":true,"href":"https:\/\/archive.sana.sy\/tr\/index.php?rest_route=%2Fwp%2Fv2%2Fcategories&post=8097"},{"taxonomy":"post_tag","embeddable":true,"href":"https:\/\/archive.sana.sy\/tr\/index.php?rest_route=%2Fwp%2Fv2%2Ftags&post=8097"}],"curies":[{"name":"wp","href":"https:\/\/api.w.org\/{rel}","templated":true}]}}