{"id":81001,"date":"2016-07-26T15:45:24","date_gmt":"2016-07-26T12:45:24","guid":{"rendered":"http:\/\/www.sana.sy\/tr\/?p=81001"},"modified":"2016-07-27T18:41:30","modified_gmt":"2016-07-27T15:41:30","slug":"isid-ve-nusra-cephesine-yonelik-operasyonlar-tum-hiziyla-devam-ediyor","status":"publish","type":"post","link":"https:\/\/archive.sana.sy\/tr\/?p=81001","title":{"rendered":"I\u015e\u0130D ve Nusra Cephesine Y\u00f6nelik Operasyonlar T\u00fcm H\u0131z\u0131yla Devam Ediyor(video)"},"content":{"rendered":"<p>\u0130LLER \u2013 Muhtelif devletlerden destek ve komuta alan tekfirci ve hain ter\u00f6ristlere y\u00f6nelik operasyonlar\u0131n\u0131 s\u00fcrd\u00fcren ordu birliklerimiz bug\u00fcn de kad\u0131n \u00e7ocuk demeden sivilleri hedef alan bu \u00e7eteleri ciddi kay\u0131plara u\u011fratt\u0131.<\/p>\n<p><span style=\"color: #0000ff\">HALEP:<\/span><\/p>\n<p>Askeri kaynak SANA\u2019ya a\u00e7\u0131klamas\u0131nda ordu birliklerimizin Halep\u2019in Leyramun \u2013 Halidiye Cephesinde d\u0131\u015f g\u00fc\u00e7lere tabi ter\u00f6ristleri b\u00fcy\u00fck kay\u0131plara u\u011fratmalar\u0131 ard\u0131ndan bir dizi bina blo\u011funun yan\u0131 s\u0131ra minib\u00fcs garaj\u0131n\u0131 kontrollerine ge\u00e7irdiklerini belirtti.<\/p>\n<p>Ordu birliklerimizin Kastello yolunu direk kontrol\u00fcne ge\u00e7irdiklerini aktaran kaynak; Leyramun \u2013 Kastello \u2013 Cendul Bulvar\u0131 yolunu kestiklerini ifade etti. Kaynak operasyonlarda aralar\u0131nda saha komutanlar\u0131n\u0131n bulundu\u011fu onlarca ter\u00f6rist ve bir k\u0131sm\u0131 z\u0131rhl\u0131 a\u011f\u0131r silahlarla donat\u0131lm\u0131\u015f \u00e7ok say\u0131da arac\u0131n imha edildi\u011fini, ka\u00e7an ter\u00f6ristleri kovalama operasyonlar\u0131n\u0131n da devam etti\u011fini vurgulad\u0131.<\/p>\n<p>https:\/\/youtu.be\/Mz0qiVW0EOk<\/p>\n<p>https:\/\/youtu.be\/BpEIicNpyIg<\/p>\n<p><span style=\"color: #0000ff\">DERA:<\/span><\/p>\n<p>Dera k\u0131rsal\u0131nda \u0130srail\u2019den destek ve komuta alan Nusra Cephesi ve \u00e7at\u0131s\u0131 alt\u0131ndaki ter\u00f6ristlere y\u00f6nelik operasyonlar\u0131n devam etti\u011fini aktaran askeri bir kaynak SANA\u2019ya a\u00e7\u0131klamas\u0131nda; Dera Kentinin yakla\u015f\u0131k 5 km bat\u0131s\u0131nda yer alan Yaduda Beldesinde Nusra Cephesine tabi bir ter\u00f6r grubunun t\u00fcm \u00fcyelerini ta\u015f\u0131d\u0131klar\u0131 silah ve m\u00fchimmatla birlikte tamamen etkisiz hale getirdiklerini belirtti.<\/p>\n<p>Kaynak Dera Kentinin 43 km do\u011fusu Cemrin Beldesinde de Nusra Cephesi mevkilerinin yo\u011fun ate\u015fe tutuldu\u011funu ifade ederken, burada da tekfirci \u00e7etelerin say\u0131 ve cephaneleriyle ciddi kay\u0131plara u\u011frat\u0131ld\u0131klar\u0131n\u0131 s\u00f6yledi.<\/p>\n<p>Dera Beled ve Dera Mahatta\u2019n\u0131n muhtelif semtlerinde karargah, siper ve ara\u00e7lar\u0131n\u0131n ihtiva ettikleri ter\u00f6ristler ve cephaneyle birlikte imha edildi\u011fini belirten kaynak; Nusra Cephesi tekfircilerinden aralar\u0131nda saha komutanlar\u0131n\u0131n bulundu\u011fu onlarca ter\u00f6ristin bir\u00e7ok ara\u00e7la birlikte etkisiz hale getirildiklerini s\u00f6zlerine ekledi.<\/p>\n<p><span style=\"color: #0000ff\">S\u00dcVEYDA:<\/span><\/p>\n<p>S\u00fcveyda k\u0131rsal\u0131nda ise I\u015e\u0130D\u2019e kar\u015f\u0131 devam eden operasyonlarda askeri kaynak; il k\u0131rsal\u0131n\u0131n do\u011fusu Recm el Devle B\u00f6lgesinde tekfirci bir ter\u00f6r grubunun t\u00fcm \u00fcyeleri ve ekipmanlar\u0131yla etkisiz hale getirildi\u011fini s\u00f6yledi.<\/p>\n<p>Kaynak il k\u0131rsal\u0131n\u0131n g\u00fcneybat\u0131s\u0131 Berd K\u00f6y\u00fc yak\u0131nlar\u0131nda askeri bir noktaya sald\u0131ran I\u015e\u0130D tekfircilerinin a\u011f\u0131r kay\u0131plara u\u011frat\u0131lmalar\u0131 ard\u0131ndan sa\u011f kalanlar\u0131n silah ve arkada\u015flar\u0131n\u0131n cesetlerini arkalar\u0131nda b\u0131rak\u0131p ka\u00e7t\u0131klar\u0131n\u0131 belirtti.<\/p>\n<p><span style=\"color: #0000ff\">HOMS:<\/span><\/p>\n<p>Di\u011fer yandan askeri kaynak hava g\u00fc\u00e7lerimizin Homs Kentinin 80 km do\u011fusunda yer alan Mask Vadisi ve Unk el Hava B\u00f6lgesinde I\u015e\u0130D\u2019in siper, karargah ve hareketlenmelerinin ba\u015far\u0131la imha edildi\u011fini aktard\u0131.<\/p>\n<p>Kaynak hava operasyonlar\u0131nda bir k\u0131sm\u0131 a\u011f\u0131r silahlarla donat\u0131lm\u0131\u015f bir\u00e7ok arac\u0131n yan\u0131 s\u0131ra b\u00fcy\u00fck miktarda cephane ve \u00e7ok say\u0131da ter\u00f6ristin etkisiz hale getirildiklerini ifade etti.<\/p>\n<p><span style=\"color: #0000ff\">HAMA:<\/span><\/p>\n<p>Askeri kaynak hava g\u00fc\u00e7lerimizin Hama \u0130linin do\u011fusu Selemiye B\u00f6lgesinin Mufekkir Beldesi kuzeyi ve do\u011fusunda I\u015e\u0130D\u2019in a\u011f\u0131r silahla donat\u0131lm\u0131\u015f bir\u00e7ok arac\u0131yla birlikte aralar\u0131nda bariz isimlerin bulundu\u011fu onlarca tekfircisinin imha edildi\u011fini s\u00f6yledi.<\/p>\n<p><span style=\"color: #0000ff\">DEYREZZOR:<\/span><\/p>\n<p>Bu arada askeri bir kaynak hava g\u00fc\u00e7lerimizin Deyrezzor\u2019da askeri havaliman\u0131n\u0131n bat\u0131s\u0131na ek olarak Deyrezzor Kentinin 10 km g\u00fcneydo\u011fusunda yer alan Mureyiye Beldesinde I\u015e\u0130D karargahlar\u0131 ve ara\u00e7lar\u0131n\u0131 ihtiva ettikleri onlarca ter\u00f6ristle birlikte imha ettiklerini belirtti.<\/p>\n","protected":false},"excerpt":{"rendered":"<p>\u0130LLER \u2013 Muhtelif devletlerden destek ve komuta alan tekfirci ve hain ter\u00f6ristlere y\u00f6nelik operasyonlar\u0131n\u0131 s\u00fcrd\u00fcren ordu birliklerimiz bug\u00fcn de kad\u0131n \u00e7ocuk demeden sivilleri hedef alan bu \u00e7eteleri ciddi kay\u0131plara u\u011fratt\u0131. HALEP: Askeri kaynak SANA\u2019ya a\u00e7\u0131klamas\u0131nda ordu birliklerimizin Halep\u2019in Leyramun \u2013 Halidiye Cephesinde d\u0131\u015f g\u00fc\u00e7lere tabi ter\u00f6ristleri b\u00fcy\u00fck kay\u0131plara u\u011fratmalar\u0131 ard\u0131ndan bir dizi bina blo\u011funun yan\u0131 &hellip;<\/p>\n","protected":false},"author":1,"featured_media":81005,"comment_status":"closed","ping_status":"closed","sticky":false,"template":"","format":"standard","meta":{"footnotes":""},"categories":[575,17988],"tags":[3464,18237,18576,2318,18347,18674,11549,19043,22182,19034],"class_list":["post-81001","post","type-post","status-publish","format-standard","has-post-thumbnail","","category-olaylar-ve-gercekler","category-son-haberler","tag-nusra-cephesi","tag-cihatcilar","tag-daes","tag-isid","tag-oso","tag-silahli-muhalifler","tag-suriye-ordusu","tag-suriyede-son-durum","tag-suriyede-savas","tag-suriyeli-muhalifler"],"_links":{"self":[{"href":"https:\/\/archive.sana.sy\/tr\/index.php?rest_route=\/wp\/v2\/posts\/81001","targetHints":{"allow":["GET"]}}],"collection":[{"href":"https:\/\/archive.sana.sy\/tr\/index.php?rest_route=\/wp\/v2\/posts"}],"about":[{"href":"https:\/\/archive.sana.sy\/tr\/index.php?rest_route=\/wp\/v2\/types\/post"}],"author":[{"embeddable":true,"href":"https:\/\/archive.sana.sy\/tr\/index.php?rest_route=\/wp\/v2\/users\/1"}],"replies":[{"embeddable":true,"href":"https:\/\/archive.sana.sy\/tr\/index.php?rest_route=%2Fwp%2Fv2%2Fcomments&post=81001"}],"version-history":[{"count":0,"href":"https:\/\/archive.sana.sy\/tr\/index.php?rest_route=\/wp\/v2\/posts\/81001\/revisions"}],"wp:featuredmedia":[{"embeddable":true,"href":"https:\/\/archive.sana.sy\/tr\/index.php?rest_route=\/wp\/v2\/media\/81005"}],"wp:attachment":[{"href":"https:\/\/archive.sana.sy\/tr\/index.php?rest_route=%2Fwp%2Fv2%2Fmedia&parent=81001"}],"wp:term":[{"taxonomy":"category","embeddable":true,"href":"https:\/\/archive.sana.sy\/tr\/index.php?rest_route=%2Fwp%2Fv2%2Fcategories&post=81001"},{"taxonomy":"post_tag","embeddable":true,"href":"https:\/\/archive.sana.sy\/tr\/index.php?rest_route=%2Fwp%2Fv2%2Ftags&post=81001"}],"curies":[{"name":"wp","href":"https:\/\/api.w.org\/{rel}","templated":true}]}}