{"id":81002,"date":"2016-07-26T11:38:35","date_gmt":"2016-07-26T08:38:35","guid":{"rendered":"http:\/\/www.sana.sy\/tr\/?p=81002"},"modified":"2016-07-26T15:42:37","modified_gmt":"2016-07-26T12:42:37","slug":"dera-kirsalinda-israilden-destek-ve-komuta-alan-nusra-cephesi-ve-catisi-altindaki-teroristlere-yonelik-operasyonlarin-devam-ettigini-aktaran-askeri-bir-kaynak-sanaya-aciklamasinda-d","status":"publish","type":"post","link":"https:\/\/archive.sana.sy\/tr\/?p=81002","title":{"rendered":"Dera k\u0131rsal\u0131nda \u0130srail\u2019den destek ve komuta alan Nusra Cephesi ve \u00e7at\u0131s\u0131 alt\u0131ndaki ter\u00f6ristlere y\u00f6nelik operasyonlar\u0131n devam etti\u011fini aktaran askeri bir kaynak SANA\u2019ya a\u00e7\u0131klamas\u0131nda; Dera Kentinin yakla\u015f\u0131k 5 km bat\u0131s\u0131nda yer alan Yaduda Beldesinde Nusra Cephesine tabi bir ter\u00f6r grubunun t\u00fcm \u00fcyelerini ta\u015f\u0131d\u0131klar\u0131 silah ve m\u00fchimmatla birlikte tamamen etkisiz hale getirdiklerini belirtti."},"content":{"rendered":"<p>Dera k\u0131rsal\u0131nda \u0130srail\u2019den destek ve komuta alan Nusra Cephesi ve \u00e7at\u0131s\u0131 alt\u0131ndaki ter\u00f6ristlere y\u00f6nelik operasyonlar\u0131n devam etti\u011fini aktaran askeri bir kaynak SANA\u2019ya a\u00e7\u0131klamas\u0131nda; Dera Kentinin yakla\u015f\u0131k 5 km bat\u0131s\u0131nda yer alan Yaduda Beldesinde Nusra Cephesine tabi bir ter\u00f6r grubunun t\u00fcm \u00fcyelerini ta\u015f\u0131d\u0131klar\u0131 silah ve m\u00fchimmatla birlikte tamamen etkisiz hale getirdiklerini belirtti.<\/p>\n","protected":false},"excerpt":{"rendered":"<p>Dera k\u0131rsal\u0131nda \u0130srail\u2019den destek ve komuta alan Nusra Cephesi ve \u00e7at\u0131s\u0131 alt\u0131ndaki ter\u00f6ristlere y\u00f6nelik operasyonlar\u0131n devam etti\u011fini aktaran askeri bir kaynak SANA\u2019ya a\u00e7\u0131klamas\u0131nda; Dera Kentinin yakla\u015f\u0131k 5 km bat\u0131s\u0131nda yer alan Yaduda Beldesinde Nusra Cephesine tabi bir ter\u00f6r grubunun t\u00fcm \u00fcyelerini ta\u015f\u0131d\u0131klar\u0131 silah ve m\u00fchimmatla birlikte tamamen etkisiz hale getirdiklerini belirtti.<\/p>\n","protected":false},"author":1,"featured_media":0,"comment_status":"closed","ping_status":"closed","sticky":false,"template":"","format":"standard","meta":{"footnotes":""},"categories":[17991],"tags":[],"class_list":["post-81002","post","type-post","status-publish","format-standard","","category-son-dakika"],"_links":{"self":[{"href":"https:\/\/archive.sana.sy\/tr\/index.php?rest_route=\/wp\/v2\/posts\/81002","targetHints":{"allow":["GET"]}}],"collection":[{"href":"https:\/\/archive.sana.sy\/tr\/index.php?rest_route=\/wp\/v2\/posts"}],"about":[{"href":"https:\/\/archive.sana.sy\/tr\/index.php?rest_route=\/wp\/v2\/types\/post"}],"author":[{"embeddable":true,"href":"https:\/\/archive.sana.sy\/tr\/index.php?rest_route=\/wp\/v2\/users\/1"}],"replies":[{"embeddable":true,"href":"https:\/\/archive.sana.sy\/tr\/index.php?rest_route=%2Fwp%2Fv2%2Fcomments&post=81002"}],"version-history":[{"count":0,"href":"https:\/\/archive.sana.sy\/tr\/index.php?rest_route=\/wp\/v2\/posts\/81002\/revisions"}],"wp:attachment":[{"href":"https:\/\/archive.sana.sy\/tr\/index.php?rest_route=%2Fwp%2Fv2%2Fmedia&parent=81002"}],"wp:term":[{"taxonomy":"category","embeddable":true,"href":"https:\/\/archive.sana.sy\/tr\/index.php?rest_route=%2Fwp%2Fv2%2Fcategories&post=81002"},{"taxonomy":"post_tag","embeddable":true,"href":"https:\/\/archive.sana.sy\/tr\/index.php?rest_route=%2Fwp%2Fv2%2Ftags&post=81002"}],"curies":[{"name":"wp","href":"https:\/\/api.w.org\/{rel}","templated":true}]}}