{"id":81019,"date":"2016-07-26T13:21:27","date_gmt":"2016-07-26T10:21:27","guid":{"rendered":"http:\/\/www.sana.sy\/tr\/?p=81019"},"modified":"2016-07-26T15:46:12","modified_gmt":"2016-07-26T12:46:12","slug":"askeri-bir-kaynak-hava-guclerimizin-deyrezzorda-askeri-havalimaninin-batisina-ek-olarak-deyrezzor-kentinin-10-km-guneydogusunda-yer-alan-mureyiye-beldesinde-isid-karargahlari-ve-araclarini-ih","status":"publish","type":"post","link":"https:\/\/archive.sana.sy\/tr\/?p=81019","title":{"rendered":"Askeri bir kaynak hava g\u00fc\u00e7lerimizin Deyrezzor\u2019da askeri havaliman\u0131n\u0131n bat\u0131s\u0131na ek olarak Deyrezzor Kentinin 10 km g\u00fcneydo\u011fusunda yer alan Mureyiye Beldesinde I\u015e\u0130D karargahlar\u0131 ve ara\u00e7lar\u0131n\u0131 ihtiva ettikleri onlarca ter\u00f6ristle birlikte imha ettiklerini belirtti."},"content":{"rendered":"<p>Askeri bir kaynak hava g\u00fc\u00e7lerimizin Deyrezzor\u2019da askeri havaliman\u0131n\u0131n bat\u0131s\u0131na ek olarak Deyrezzor Kentinin 10 km g\u00fcneydo\u011fusunda yer alan Mureyiye Beldesinde I\u015e\u0130D karargahlar\u0131 ve ara\u00e7lar\u0131n\u0131 ihtiva ettikleri onlarca ter\u00f6ristle birlikte imha ettiklerini belirtti.<\/p>\n","protected":false},"excerpt":{"rendered":"<p>Askeri bir kaynak hava g\u00fc\u00e7lerimizin Deyrezzor\u2019da askeri havaliman\u0131n\u0131n bat\u0131s\u0131na ek olarak Deyrezzor Kentinin 10 km g\u00fcneydo\u011fusunda yer alan Mureyiye Beldesinde I\u015e\u0130D karargahlar\u0131 ve ara\u00e7lar\u0131n\u0131 ihtiva ettikleri onlarca ter\u00f6ristle birlikte imha ettiklerini belirtti.<\/p>\n","protected":false},"author":1,"featured_media":0,"comment_status":"closed","ping_status":"closed","sticky":false,"template":"","format":"standard","meta":{"footnotes":""},"categories":[17991],"tags":[],"class_list":["post-81019","post","type-post","status-publish","format-standard","","category-son-dakika"],"_links":{"self":[{"href":"https:\/\/archive.sana.sy\/tr\/index.php?rest_route=\/wp\/v2\/posts\/81019","targetHints":{"allow":["GET"]}}],"collection":[{"href":"https:\/\/archive.sana.sy\/tr\/index.php?rest_route=\/wp\/v2\/posts"}],"about":[{"href":"https:\/\/archive.sana.sy\/tr\/index.php?rest_route=\/wp\/v2\/types\/post"}],"author":[{"embeddable":true,"href":"https:\/\/archive.sana.sy\/tr\/index.php?rest_route=\/wp\/v2\/users\/1"}],"replies":[{"embeddable":true,"href":"https:\/\/archive.sana.sy\/tr\/index.php?rest_route=%2Fwp%2Fv2%2Fcomments&post=81019"}],"version-history":[{"count":0,"href":"https:\/\/archive.sana.sy\/tr\/index.php?rest_route=\/wp\/v2\/posts\/81019\/revisions"}],"wp:attachment":[{"href":"https:\/\/archive.sana.sy\/tr\/index.php?rest_route=%2Fwp%2Fv2%2Fmedia&parent=81019"}],"wp:term":[{"taxonomy":"category","embeddable":true,"href":"https:\/\/archive.sana.sy\/tr\/index.php?rest_route=%2Fwp%2Fv2%2Fcategories&post=81019"},{"taxonomy":"post_tag","embeddable":true,"href":"https:\/\/archive.sana.sy\/tr\/index.php?rest_route=%2Fwp%2Fv2%2Ftags&post=81019"}],"curies":[{"name":"wp","href":"https:\/\/api.w.org\/{rel}","templated":true}]}}