{"id":81025,"date":"2016-07-26T15:51:28","date_gmt":"2016-07-26T12:51:28","guid":{"rendered":"http:\/\/www.sana.sy\/tr\/?p=81025"},"modified":"2016-07-27T16:37:36","modified_gmt":"2016-07-27T13:37:36","slug":"14-vatandas-basariyla-kurtarildi","status":"publish","type":"post","link":"https:\/\/archive.sana.sy\/tr\/?p=81025","title":{"rendered":"14 Vatanda\u015f Ba\u015far\u0131yla Kurtar\u0131ld\u0131"},"content":{"rendered":"<p>DERA &#8211; Ordu birliklerimiz Dera k\u0131rsal\u0131 Sayda Beldesinde Kaide \u00d6rg\u00fct\u00fcn\u00fcn Suriye kolu Nusra Cephesinin ka\u00e7\u0131rd\u0131\u011f\u0131 sivil vatanda\u015flar\u0131 al\u0131koydu\u011fu bir karargaha nitelikli bir operasyonda bulundu.<\/p>\n<p>Askeri bir kaynak SANA\u2019ya a\u00e7\u0131klamas\u0131nda ger\u00e7ekle\u015ftirilen nitelikli operasyonda tekfirci ter\u00f6ristlerin al\u0131koymu\u015f olduklar\u0131 14 sivil vatanda\u015f\u0131 ba\u015far\u0131yla kurtard\u0131klar\u0131n\u0131 belirtirken, kurtar\u0131lan vatanda\u015flar\u0131n t\u00fcm\u00fcn\u00fcn sa\u011fl\u0131k durumlar\u0131n\u0131n iyi oldu\u011funu aktard\u0131.<\/p>\n","protected":false},"excerpt":{"rendered":"<p>DERA &#8211; Ordu birliklerimiz Dera k\u0131rsal\u0131 Sayda Beldesinde Kaide \u00d6rg\u00fct\u00fcn\u00fcn Suriye kolu Nusra Cephesinin ka\u00e7\u0131rd\u0131\u011f\u0131 sivil vatanda\u015flar\u0131 al\u0131koydu\u011fu bir karargaha nitelikli bir operasyonda bulundu. Askeri bir kaynak SANA\u2019ya a\u00e7\u0131klamas\u0131nda ger\u00e7ekle\u015ftirilen nitelikli operasyonda tekfirci ter\u00f6ristlerin al\u0131koymu\u015f olduklar\u0131 14 sivil vatanda\u015f\u0131 ba\u015far\u0131yla kurtard\u0131klar\u0131n\u0131 belirtirken, kurtar\u0131lan vatanda\u015flar\u0131n t\u00fcm\u00fcn\u00fcn sa\u011fl\u0131k durumlar\u0131n\u0131n iyi oldu\u011funu aktard\u0131.<\/p>\n","protected":false},"author":1,"featured_media":80988,"comment_status":"closed","ping_status":"closed","sticky":false,"template":"","format":"standard","meta":{"footnotes":""},"categories":[479,575,17988,478],"tags":[3464,18237,22693,22694,11549,19043,17320],"class_list":["post-81025","post","type-post","status-publish","format-standard","has-post-thumbnail","","category-haberler-yerel","category-olaylar-ve-gercekler","category-son-haberler","category-yerel","tag-nusra-cephesi","tag-cihatcilar","tag-derada-son-durum","tag-siviller-kurtarildi","tag-suriye-ordusu","tag-suriyede-son-durum","tag-tekfirciler"],"_links":{"self":[{"href":"https:\/\/archive.sana.sy\/tr\/index.php?rest_route=\/wp\/v2\/posts\/81025","targetHints":{"allow":["GET"]}}],"collection":[{"href":"https:\/\/archive.sana.sy\/tr\/index.php?rest_route=\/wp\/v2\/posts"}],"about":[{"href":"https:\/\/archive.sana.sy\/tr\/index.php?rest_route=\/wp\/v2\/types\/post"}],"author":[{"embeddable":true,"href":"https:\/\/archive.sana.sy\/tr\/index.php?rest_route=\/wp\/v2\/users\/1"}],"replies":[{"embeddable":true,"href":"https:\/\/archive.sana.sy\/tr\/index.php?rest_route=%2Fwp%2Fv2%2Fcomments&post=81025"}],"version-history":[{"count":0,"href":"https:\/\/archive.sana.sy\/tr\/index.php?rest_route=\/wp\/v2\/posts\/81025\/revisions"}],"wp:featuredmedia":[{"embeddable":true,"href":"https:\/\/archive.sana.sy\/tr\/index.php?rest_route=\/wp\/v2\/media\/80988"}],"wp:attachment":[{"href":"https:\/\/archive.sana.sy\/tr\/index.php?rest_route=%2Fwp%2Fv2%2Fmedia&parent=81025"}],"wp:term":[{"taxonomy":"category","embeddable":true,"href":"https:\/\/archive.sana.sy\/tr\/index.php?rest_route=%2Fwp%2Fv2%2Fcategories&post=81025"},{"taxonomy":"post_tag","embeddable":true,"href":"https:\/\/archive.sana.sy\/tr\/index.php?rest_route=%2Fwp%2Fv2%2Ftags&post=81025"}],"curies":[{"name":"wp","href":"https:\/\/api.w.org\/{rel}","templated":true}]}}