{"id":81026,"date":"2016-07-26T17:17:52","date_gmt":"2016-07-26T14:17:52","guid":{"rendered":"http:\/\/www.sana.sy\/tr\/?p=81026"},"modified":"2016-07-27T18:15:52","modified_gmt":"2016-07-27T15:15:52","slug":"bundan-dolayi-suriyeyi-hedef-aldilar","status":"publish","type":"post","link":"https:\/\/archive.sana.sy\/tr\/?p=81026","title":{"rendered":"Bundan Dolay\u0131 Suriye&#8217;yi Hedef Ald\u0131lar"},"content":{"rendered":"<p><span style=\"line-height: 1.5\">\u015eAM \u2013\u00a0<\/span>Cumhurba\u015fkan\u0131 Be\u015f\u015far el Esad bug\u00fcn Yunanistan H\u0131ristiyan Demokrat Partisi Ba\u015fkan\u0131 Nikolaos Nikolopoulos ve Pasok Partisi yetkililerinden Theodore Katsanevas\u2019\u0131n yan\u0131 s\u0131ra iki partiden yetkililerin bulundu\u011fu Yunanl\u0131 siyasi bir heyeti kabul etti.<\/p>\n<p><span style=\"line-height: 1.5\">Suriye&#8217;deki son durumlar ve ter\u00f6r\u00fcn t\u00fcm b\u00f6lge ve Avrupa\u2019ya kar\u015f\u0131 tehlikesinin ele al\u0131nd\u0131\u011f\u0131 g\u00f6r\u00fc\u015fmede; iki \u00fclke ve dost halklar\u0131 aras\u0131ndaki tarihi ili\u015fkiler de masaya yat\u0131r\u0131ld\u0131. \u0130kili ili\u015fkilerin muhtelif alanlarda canland\u0131r\u0131lmas\u0131 gere\u011finin alt\u0131 \u00e7izildi\u011fi g\u00f6r\u00fc\u015fmede, bunun iki dost halklar\u0131n \u00e7\u0131karlar\u0131na ne derece hizmet edece\u011fi ifade edildi.<\/span><\/p>\n<p><a href=\"http:\/\/www.sana.sy\/tr\/wp-content\/uploads\/2016\/07\/02.jpg\"><img loading=\"lazy\" decoding=\"async\" class=\"alignright wp-image-81047 size-medium\" src=\"http:\/\/www.sana.sy\/tr\/wp-content\/uploads\/2016\/07\/02-300x134.jpg\" alt=\"02\" width=\"300\" height=\"134\" srcset=\"https:\/\/archive.sana.sy\/tr\/wp-content\/uploads\/2016\/07\/02-300x134.jpg 300w, https:\/\/archive.sana.sy\/tr\/wp-content\/uploads\/2016\/07\/02-150x67.jpg 150w, https:\/\/archive.sana.sy\/tr\/wp-content\/uploads\/2016\/07\/02.jpg 660w\" sizes=\"auto, (max-width: 300px) 100vw, 300px\" \/><\/a>El Esad Avrupal\u0131 parlamenterler ve parti yetkililerinin durumlar\u0131 yak\u0131ndan g\u00f6rmeleri ve ger\u00e7ek bilgi almalar\u0131 a\u00e7\u0131s\u0131ndan Suriye&#8217;ye ziyaretlerinin \u00f6nemine dikkat \u00e7ekti. Bunun Suriye konusunda ger\u00e7ek\u00e7i ve objektif bir vizyona sahip olmalar\u0131na yard\u0131mc\u0131 olaca\u011f\u0131n\u0131 ifade eden el Esad; ayn\u0131 zamanda kendi kamuoylar\u0131n\u0131 bilgilendirme ve h\u00fck\u00fcmetlerinin yanl\u0131\u015f politikalar\u0131n\u0131 d\u00fczeltme a\u00e7\u0131s\u0131ndan \u00f6nem ta\u015f\u0131d\u0131\u011f\u0131na da vurgu yapt\u0131.<\/p>\n<p>El Esad Suriye ve halk\u0131n\u0131n maruz kald\u0131\u011f\u0131 evrensel sava\u015f\u0131n, b\u00f6lge ve t\u00fcm d\u00fcnyan\u0131n \u00f6\u011frenece\u011fi bir dizi ders i\u00e7erdi\u011fine dikkat \u00e7ekerken, son olarak Avrupa ve d\u00fcnyan\u0131n muhtelif b\u00f6lgelerinde meydana gelen ter\u00f6r sald\u0131r\u0131lar\u0131n\u0131n bunun kan\u0131t\u0131 oldu\u011funu ifade etti.<\/p>\n<p><a href=\"http:\/\/www.sana.sy\/tr\/wp-content\/uploads\/2016\/07\/01.jpg\"><img loading=\"lazy\" decoding=\"async\" class=\"alignright wp-image-81046 size-medium\" src=\"http:\/\/www.sana.sy\/tr\/wp-content\/uploads\/2016\/07\/01-300x168.jpg\" alt=\"01\" width=\"300\" height=\"168\" srcset=\"https:\/\/archive.sana.sy\/tr\/wp-content\/uploads\/2016\/07\/01-300x168.jpg 300w, https:\/\/archive.sana.sy\/tr\/wp-content\/uploads\/2016\/07\/01-150x84.jpg 150w, https:\/\/archive.sana.sy\/tr\/wp-content\/uploads\/2016\/07\/01.jpg 660w\" sizes=\"auto, (max-width: 300px) 100vw, 300px\" \/><\/a>Bat\u0131l\u0131 bir\u00e7ok devlet liderinin Suriye ile sorununun Suriye&#8217;nin ba\u011f\u0131ms\u0131z ve egemen karar\u0131 oldu\u011funu ifade eden el Esad; s\u00f6z konusu liderlerin bundan dolay\u0131 ter\u00f6r\u00fc destekleyip Suriye&#8217;yi zay\u0131flatma ve tabi bir devlet olmas\u0131n\u0131 istediklerini belirtti. El Esad bu tutum ve politikalar\u0131n\u0131n, g\u00fcvenlik ve ekonomik a\u00e7\u0131dan kendi halklar\u0131n\u0131n \u00e7\u0131karlar\u0131na ters yans\u0131d\u0131\u011f\u0131n\u0131 ifade etti.<\/p>\n<p>S\u00f6zlerine devam eden el Esad Suriye&#8217;nin ordusu ve halk\u0131yla vatan ve topraklar\u0131n\u0131 savunma, ter\u00f6re kar\u015f\u0131 sava\u015f\u0131n\u0131 s\u00fcrd\u00fcrme kararl\u0131l\u0131\u011f\u0131n\u0131n alt\u0131n\u0131 \u00e7izdi.<\/p>\n<p>G\u00f6r\u00fc\u015fmede \u00f6zellikle ter\u00f6re kar\u015f\u0131 sava\u015fta \u00f6n cepheyi te\u015fkil etmesiyle Suriye&#8217;ye desteklerinin alt\u0131n\u0131 \u00e7izen konuk heyet \u00fcyeleri; Suriye&#8217;ye ili\u015fkin yanl\u0131\u015f portreyi d\u00fczeltme ve h\u00fck\u00fcmetlerinin yanl\u0131\u015f politikas\u0131n\u0131 d\u00fczeltmesini sa\u011flama amac\u0131yla gereken her gayreti g\u00f6stereceklerinin alt\u0131n\u0131 \u00e7izdi. Heyet \u00fcyeleri as\u0131l ve ger\u00e7ek d\u00fc\u015fman\u0131n ter\u00f6r oldu\u011funu, b\u00f6lge ve t\u00fcm d\u00fcnya halklar\u0131na kar\u015f\u0131 ortak tehlike say\u0131lan bu ter\u00f6re kar\u015f\u0131 Suriye h\u00fck\u00fcmeti ile i\u015fbirli\u011finde olmas\u0131na ikna etmeye \u00e7al\u0131\u015facaklar\u0131n\u0131 ifade etti.<\/p>\n<p>Konuk heyet \u00fcyeleri Suriye ve h\u00fck\u00fcmetinin yan\u0131nda olman\u0131n, Yunan halk\u0131n\u0131n ger\u00e7ek \u00e7\u0131karlar\u0131n\u0131 temsil etti\u011fini ifade etti.<\/p>\n","protected":false},"excerpt":{"rendered":"<p>\u015eAM \u2013\u00a0Cumhurba\u015fkan\u0131 Be\u015f\u015far el Esad bug\u00fcn Yunanistan H\u0131ristiyan Demokrat Partisi Ba\u015fkan\u0131 Nikolaos Nikolopoulos ve Pasok Partisi yetkililerinden Theodore Katsanevas\u2019\u0131n yan\u0131 s\u0131ra iki partiden yetkililerin bulundu\u011fu Yunanl\u0131 siyasi bir heyeti kabul etti. Suriye&#8217;deki son durumlar ve ter\u00f6r\u00fcn t\u00fcm b\u00f6lge ve Avrupa\u2019ya kar\u015f\u0131 tehlikesinin ele al\u0131nd\u0131\u011f\u0131 g\u00f6r\u00fc\u015fmede; iki \u00fclke ve dost halklar\u0131 aras\u0131ndaki tarihi ili\u015fkiler de masaya &hellip;<\/p>\n","protected":false},"author":1,"featured_media":81052,"comment_status":"closed","ping_status":"closed","sticky":false,"template":"","format":"standard","meta":{"footnotes":""},"categories":[608,479,605,17988,478],"tags":[17256,8767,9233,22705,22703,22704],"class_list":["post-81026","post","type-post","status-publish","format-standard","has-post-thumbnail","","category-etkinlikler","category-haberler-yerel","category-sayin-cumhurbaskani","category-son-haberler","category-yerel","tag-bessar-el-esad","tag-cumhurbaskani","tag-el-esad","tag-nikoas-nikolopoulos","tag-yunan-heyet","tag-yunanistan-hiristiyan-demokrat-partisi"],"_links":{"self":[{"href":"https:\/\/archive.sana.sy\/tr\/index.php?rest_route=\/wp\/v2\/posts\/81026","targetHints":{"allow":["GET"]}}],"collection":[{"href":"https:\/\/archive.sana.sy\/tr\/index.php?rest_route=\/wp\/v2\/posts"}],"about":[{"href":"https:\/\/archive.sana.sy\/tr\/index.php?rest_route=\/wp\/v2\/types\/post"}],"author":[{"embeddable":true,"href":"https:\/\/archive.sana.sy\/tr\/index.php?rest_route=\/wp\/v2\/users\/1"}],"replies":[{"embeddable":true,"href":"https:\/\/archive.sana.sy\/tr\/index.php?rest_route=%2Fwp%2Fv2%2Fcomments&post=81026"}],"version-history":[{"count":0,"href":"https:\/\/archive.sana.sy\/tr\/index.php?rest_route=\/wp\/v2\/posts\/81026\/revisions"}],"wp:featuredmedia":[{"embeddable":true,"href":"https:\/\/archive.sana.sy\/tr\/index.php?rest_route=\/wp\/v2\/media\/81052"}],"wp:attachment":[{"href":"https:\/\/archive.sana.sy\/tr\/index.php?rest_route=%2Fwp%2Fv2%2Fmedia&parent=81026"}],"wp:term":[{"taxonomy":"category","embeddable":true,"href":"https:\/\/archive.sana.sy\/tr\/index.php?rest_route=%2Fwp%2Fv2%2Fcategories&post=81026"},{"taxonomy":"post_tag","embeddable":true,"href":"https:\/\/archive.sana.sy\/tr\/index.php?rest_route=%2Fwp%2Fv2%2Ftags&post=81026"}],"curies":[{"name":"wp","href":"https:\/\/api.w.org\/{rel}","templated":true}]}}