{"id":8104,"date":"2014-08-24T14:06:16","date_gmt":"2014-08-24T11:06:16","guid":{"rendered":"http:\/\/www.sana.sy\/tr\/?p=8104"},"modified":"2014-08-24T14:06:16","modified_gmt":"2014-08-24T11:06:16","slug":"suriyeye-9-misira-2-oy","status":"publish","type":"post","link":"https:\/\/archive.sana.sy\/tr\/?p=8104","title":{"rendered":"Suriye&#8217;ye 9, M\u0131s\u0131r\u2019a 2 Oy"},"content":{"rendered":"<p>HARTUM \u2013 Arap &#8211; Afrika Gen\u00e7leri Konseyinin son olarak Sudan\u2019\u0131n ba\u015fkenti Hartum\u2019da \u2018Ortak Meydan Okumalara Kar\u015f\u0131 Vizyon Birli\u011fi\u2019 slogan\u0131 alt\u0131nda d\u00fczenledi\u011fi ikinci konferans\u0131nda Suriye Arap Cumhuriyeti Konsey ba\u015fkan\u0131 birinci yard\u0131mc\u0131s\u0131 se\u00e7ildi.<\/p>\n<p>Arap ve Afrikal\u0131 25\u2019ten fazla devletten gen\u00e7lik heyetlerinin kat\u0131ld\u0131\u011f\u0131 konferansta Suriye&#8217;yi Devrim Gen\u00e7lik Birli\u011fi Ba\u015fkan\u0131 ve Arap &#8211; Afrika Gen\u00e7leri Konseyi \u0130cra Ofis \u00dcyesi Maen Abbdu temsil etti.<\/p>\n<p>Abbud SANA\u2019ya a\u00e7\u0131klamas\u0131nda konferans s\u0131ras\u0131nda \u00f6n\u00fcm\u00fczdeki d\u00f6rt y\u0131ll\u0131k s\u00fcre\u00e7 i\u00e7in yap\u0131lan se\u00e7imlerde Suriye&#8217;nin konsey ba\u015fkan birinci yard\u0131mc\u0131l\u0131\u011f\u0131na bir kez daha se\u00e7ildi\u011fini a\u00e7\u0131klad\u0131. Abbud yap\u0131lan oylamada Suriye&#8217;nin 9, M\u0131s\u0131r\u2019\u0131n ise 2 oy ald\u0131\u011f\u0131n\u0131 s\u00f6ylerken Katar, Suudi Arabistan, Birle\u015fik Arap Emirlikleri, Bahreyn ve daha ba\u015fka Arap devletinin Suriye&#8217;nin lehine oy kulland\u0131klar\u0131na dikkat \u00e7ekti.<\/p>\n","protected":false},"excerpt":{"rendered":"<p>HARTUM \u2013 Arap &#8211; Afrika Gen\u00e7leri Konseyinin son olarak Sudan\u2019\u0131n ba\u015fkenti Hartum\u2019da \u2018Ortak Meydan Okumalara Kar\u015f\u0131 Vizyon Birli\u011fi\u2019 slogan\u0131 alt\u0131nda d\u00fczenledi\u011fi ikinci konferans\u0131nda Suriye Arap Cumhuriyeti Konsey ba\u015fkan\u0131 birinci yard\u0131mc\u0131s\u0131 se\u00e7ildi. Arap ve Afrikal\u0131 25\u2019ten fazla devletten gen\u00e7lik heyetlerinin kat\u0131ld\u0131\u011f\u0131 konferansta Suriye&#8217;yi Devrim Gen\u00e7lik Birli\u011fi Ba\u015fkan\u0131 ve Arap &#8211; Afrika Gen\u00e7leri Konseyi \u0130cra Ofis \u00dcyesi &hellip;<\/p>\n","protected":false},"author":1,"featured_media":8105,"comment_status":"closed","ping_status":"closed","sticky":false,"template":"","format":"standard","meta":{"footnotes":""},"categories":[458,459,447],"tags":[1808,1807],"class_list":["post-8104","post","type-post","status-publish","format-standard","has-post-thumbnail","","category-dunya1","category-haberler-arap-uluslararasi-politika","category-politika","tag-misira-2-oy","tag-suriyeye-9"],"_links":{"self":[{"href":"https:\/\/archive.sana.sy\/tr\/index.php?rest_route=\/wp\/v2\/posts\/8104","targetHints":{"allow":["GET"]}}],"collection":[{"href":"https:\/\/archive.sana.sy\/tr\/index.php?rest_route=\/wp\/v2\/posts"}],"about":[{"href":"https:\/\/archive.sana.sy\/tr\/index.php?rest_route=\/wp\/v2\/types\/post"}],"author":[{"embeddable":true,"href":"https:\/\/archive.sana.sy\/tr\/index.php?rest_route=\/wp\/v2\/users\/1"}],"replies":[{"embeddable":true,"href":"https:\/\/archive.sana.sy\/tr\/index.php?rest_route=%2Fwp%2Fv2%2Fcomments&post=8104"}],"version-history":[{"count":0,"href":"https:\/\/archive.sana.sy\/tr\/index.php?rest_route=\/wp\/v2\/posts\/8104\/revisions"}],"wp:featuredmedia":[{"embeddable":true,"href":"https:\/\/archive.sana.sy\/tr\/index.php?rest_route=\/wp\/v2\/media\/8105"}],"wp:attachment":[{"href":"https:\/\/archive.sana.sy\/tr\/index.php?rest_route=%2Fwp%2Fv2%2Fmedia&parent=8104"}],"wp:term":[{"taxonomy":"category","embeddable":true,"href":"https:\/\/archive.sana.sy\/tr\/index.php?rest_route=%2Fwp%2Fv2%2Fcategories&post=8104"},{"taxonomy":"post_tag","embeddable":true,"href":"https:\/\/archive.sana.sy\/tr\/index.php?rest_route=%2Fwp%2Fv2%2Ftags&post=8104"}],"curies":[{"name":"wp","href":"https:\/\/api.w.org\/{rel}","templated":true}]}}