{"id":81043,"date":"2016-07-26T16:36:38","date_gmt":"2016-07-26T13:36:38","guid":{"rendered":"http:\/\/www.sana.sy\/tr\/?p=81043"},"modified":"2016-07-27T16:37:32","modified_gmt":"2016-07-27T13:37:32","slug":"tekfirci-terorun-islami-devletler-ve-halklarina-tehlikesi-vurgulandi","status":"publish","type":"post","link":"https:\/\/archive.sana.sy\/tr\/?p=81043","title":{"rendered":"Tekfirci Ter\u00f6r\u00fcn \u0130slami Devletler ve Halklar\u0131na Tehlikesi Vurguland\u0131"},"content":{"rendered":"<p>\u015eAM \u2013 Ba\u015fbakan Yard\u0131mc\u0131s\u0131 D\u0131\u015fi\u015fleri ve Gurbet\u00e7iler Bakan\u0131 Velid el Muallim bug\u00fcn \u0130ran\u2019da Uluslararas\u0131 \u0130slam\u00ee mezhepler Aras\u0131 Yak\u0131nla\u015ft\u0131rma Kurumu genel sekreteri Ayetullah Muhsin Araki ba\u015fkanl\u0131\u011f\u0131nda \u0130ranl\u0131 din ulemalar\u0131 heyetini kabul etti.<\/p>\n<p>Suriye ve \u0130ran aras\u0131ndaki stratejik ili\u015fkiler ve bu ili\u015fkileri daha da geli\u015ftirme gere\u011finin alt\u0131 \u00e7izildi\u011fi g\u00f6r\u00fc\u015fmede k\u00fclt\u00fcrel alanlar\u0131n yan\u0131 s\u0131ra dini ve bilimsel ara\u015ft\u0131rmalarda i\u015fbirli\u011fi olanaklar\u0131 masaya yat\u0131rt\u0131ld\u0131.<\/p>\n<p>G\u00f6r\u00fc\u015fmede Suriye&#8217;deki son durumlar ve ter\u00f6r\u00fc edat olarak kullanan kimi devletlerin tekfirci ter\u00f6re desteklerine vurgu yap\u0131l\u0131rken; bunun \u0130slami devletler ve halklar\u0131na kar\u015f\u0131 tehlikesine dikkat \u00e7ekildi.<\/p>\n","protected":false},"excerpt":{"rendered":"<p>\u015eAM \u2013 Ba\u015fbakan Yard\u0131mc\u0131s\u0131 D\u0131\u015fi\u015fleri ve Gurbet\u00e7iler Bakan\u0131 Velid el Muallim bug\u00fcn \u0130ran\u2019da Uluslararas\u0131 \u0130slam\u00ee mezhepler Aras\u0131 Yak\u0131nla\u015ft\u0131rma Kurumu genel sekreteri Ayetullah Muhsin Araki ba\u015fkanl\u0131\u011f\u0131nda \u0130ranl\u0131 din ulemalar\u0131 heyetini kabul etti. Suriye ve \u0130ran aras\u0131ndaki stratejik ili\u015fkiler ve bu ili\u015fkileri daha da geli\u015ftirme gere\u011finin alt\u0131 \u00e7izildi\u011fi g\u00f6r\u00fc\u015fmede k\u00fclt\u00fcrel alanlar\u0131n yan\u0131 s\u0131ra dini ve bilimsel ara\u015ft\u0131rmalarda &hellip;<\/p>\n","protected":false},"author":1,"featured_media":81044,"comment_status":"closed","ping_status":"closed","sticky":false,"template":"","format":"standard","meta":{"footnotes":""},"categories":[479,17988,478],"tags":[22701,22702,19199,22698,22699,19043,22697,22700,18556],"class_list":["post-81043","post","type-post","status-publish","format-standard","has-post-thumbnail","","category-haberler-yerel","category-son-haberler","category-yerel","tag-ayetullah-muhsin-araki","tag-din-ulemalari","tag-disisleri-bakani","tag-islami-devletler","tag-muslumanlar","tag-suriyede-son-durum","tag-tekfirci-terorun-islami-devletler-ve-halklarina-tehlikesi-vurgulandi","tag-uluslararasi-islami-mezhepler-arasi-yakinlastirma-kurumu","tag-velid-el-muallim"],"_links":{"self":[{"href":"https:\/\/archive.sana.sy\/tr\/index.php?rest_route=\/wp\/v2\/posts\/81043","targetHints":{"allow":["GET"]}}],"collection":[{"href":"https:\/\/archive.sana.sy\/tr\/index.php?rest_route=\/wp\/v2\/posts"}],"about":[{"href":"https:\/\/archive.sana.sy\/tr\/index.php?rest_route=\/wp\/v2\/types\/post"}],"author":[{"embeddable":true,"href":"https:\/\/archive.sana.sy\/tr\/index.php?rest_route=\/wp\/v2\/users\/1"}],"replies":[{"embeddable":true,"href":"https:\/\/archive.sana.sy\/tr\/index.php?rest_route=%2Fwp%2Fv2%2Fcomments&post=81043"}],"version-history":[{"count":0,"href":"https:\/\/archive.sana.sy\/tr\/index.php?rest_route=\/wp\/v2\/posts\/81043\/revisions"}],"wp:featuredmedia":[{"embeddable":true,"href":"https:\/\/archive.sana.sy\/tr\/index.php?rest_route=\/wp\/v2\/media\/81044"}],"wp:attachment":[{"href":"https:\/\/archive.sana.sy\/tr\/index.php?rest_route=%2Fwp%2Fv2%2Fmedia&parent=81043"}],"wp:term":[{"taxonomy":"category","embeddable":true,"href":"https:\/\/archive.sana.sy\/tr\/index.php?rest_route=%2Fwp%2Fv2%2Fcategories&post=81043"},{"taxonomy":"post_tag","embeddable":true,"href":"https:\/\/archive.sana.sy\/tr\/index.php?rest_route=%2Fwp%2Fv2%2Ftags&post=81043"}],"curies":[{"name":"wp","href":"https:\/\/api.w.org\/{rel}","templated":true}]}}