{"id":8107,"date":"2014-08-24T14:14:25","date_gmt":"2014-08-24T11:14:25","guid":{"rendered":"http:\/\/www.sana.sy\/tr\/?p=8107"},"modified":"2014-08-24T14:14:25","modified_gmt":"2014-08-24T11:14:25","slug":"bolgeyi-saran-teror-ideolojisinin-kurucusu-israildir","status":"publish","type":"post","link":"https:\/\/archive.sana.sy\/tr\/?p=8107","title":{"rendered":"B\u00f6lgeyi Saran Ter\u00f6r \u0130deolojisinin Kurucusu \u0130srail\u2019dir"},"content":{"rendered":"<p>\u015eAM \u2013 Halk Meclisi \u0130srail\u2019in Arap halk\u0131m\u0131z ile \u0130slam ve H\u0131ristiyan kutsal yerlerimize y\u00f6nelik d\u00fczenledi\u011fi ter\u00f6r su\u00e7lar\u0131yla, bug\u00fcn b\u00f6lgenin \u00fczerinde bulunan ter\u00f6r ideolojisini kurdu\u011funu sosyal, dini, ve etnik b\u00fct\u00fcn bile\u015fenlerini tehdit etti\u011fini belirtti.<\/p>\n<p>Halk Meclisi Siyonistlerin m\u00fcbarek Mescidi Aksa\u2019y\u0131 yakmalar\u0131n\u0131n 45. Y\u0131ld\u00f6n\u00fcm\u00fc m\u00fcnasebetiyle yay\u0131nlad\u0131\u011f\u0131 beyanda, vahhabi ve tekfiri a\u015f\u0131r\u0131 dinci ter\u00f6r \u00f6rg\u00fctlerinin Amerika, \u0130srail ve baz\u0131 gerici Arap rejimleri taraf\u0131ndan silahland\u0131r\u0131larak deste\u011fi olmasayd\u0131 kurulma, silahlanma, e\u011fitim ve g\u00fc\u00e7 olu\u015fturma d\u00fczeyine varamayacaklar\u0131n\u0131 s\u00f6yledi.<\/p>\n<p>Halk Meclisi beyan\u0131nda \u0130slam alemine y\u00f6nelerek, Mescidi Aksa\u2019n\u0131n Siyonistler taraf\u0131ndan yak\u0131lmas\u0131 y\u0131ld\u00f6n\u00fcm\u00fcn\u00fcn el Aksa\u2019n\u0131n M\u00fcsl\u00fcman ve Araplar\u0131 maruz kald\u0131\u011f\u0131 sabotaj ve y\u0131k\u0131m eylemlerinden kurtar\u0131lmas\u0131n\u0131 istedi\u011fini, Suriye ve Irak\u2019taki mukaddesatlar\u0131nda keza Siyonistlerin i\u015fledi\u011fi su\u00e7u tekrarlayan tekfirci ter\u00f6ristlerin b\u00fct\u00fcn mukaddesatlara y\u00f6nelik i\u015fledi\u011fi y\u0131k\u0131m ve yakma eylemlerinden kurtar\u0131lmay\u0131 bekledi\u011fini s\u00f6yledi.<\/p>\n<p>Aksa\u2019n\u0131n yak\u0131lmas\u0131n\u0131n 45. Y\u0131ld\u00f6n\u00fcm\u00fcnde Gazze ve ahalisinin i\u015fgalci \u0130srail g\u00fc\u00e7leri taraf\u0131ndan yok edici silahlar\u0131n b\u00fct\u00fcn \u015fekillerine maruz kald\u0131klar\u0131n\u0131 \u00e7ocuk, kad\u0131n ve ya\u015fl\u0131lar\u0131n uluslararas\u0131 toplumun suskunlu\u011fu g\u00f6lgesinde \u00f6ld\u00fcr\u00fcld\u00fc\u011f\u00fcn\u00fc mescit ve evleri yak\u0131p y\u0131kt\u0131klar\u0131n\u0131 vurgulad\u0131.<\/p>\n<p>Mescidi Aksa\u2019n\u0131n programl\u0131 y\u0131k\u0131ma do\u011fru maruz kalmas\u0131n\u0131n mescidin gelece\u011fini tehdit etti\u011fini, bizlerinde bunu menetmek i\u00e7in acil bir \u015fekilde b\u00fct\u00fcn d\u00fczeylerde hareket etmemizi gerektirdi\u011fini a\u00e7\u0131klad\u0131.<\/p>\n<p>Meclis, b\u00fct\u00fcn Arap halklar\u0131n\u0131, Siyonist ideoloji ile a\u015f\u0131r\u0131 dinci radikal ter\u00f6r \u00f6rg\u00fctlerinin Suriye, Irak, L\u00fcbnan ve di\u011fer Arap \u00fclkelerinde izledi\u011fi vahhabi ideolojinin tehlikelerine kar\u015f\u0131 uyan\u0131k olmaya \u00e7a\u011f\u0131rarak iki ideolojinin bir madalyonun iki y\u00fcz\u00fc oldu\u011funu ifade etti.<\/p>\n<p>Meclis beyan\u0131 sonunda, Filistin, Suriye, Irak ve L\u00fcbnan\u2019da \u00e7at\u0131\u015fman\u0131n ideolojik ve medya olarak ayn\u0131 \u00e7at\u0131\u015fma oldu\u011funu bu y\u00fczden kendi ve \u00fcmmetimizin gelece\u011fini, kimli\u011fimiz ve uygarl\u0131\u011f\u0131m\u0131z\u0131 siyaset ve sahada korumam\u0131z gerekti\u011fini vurgulad\u0131.<\/p>\n<p>Hat\u0131rlanaca\u011f\u0131 \u00fczere a\u015f\u0131r\u0131 dinci Siyonist Dennis Mayk\u0131l Rohan 21 A\u011fustos 1969 y\u0131l\u0131nda Mescid-i Aksa\u2019y\u0131 yakma giri\u015fiminde bulunmu\u015f yanan alevler de Mescidin \u00f6nemli b\u00f6l\u00fcmlerini k\u00fcl etmi\u015f, bina, s\u00fctunlar ve kemerlerinde b\u00fcy\u00fck zararlara yol a\u00e7m\u0131\u015ft\u0131.<\/p>\n<p>&nbsp;<\/p>\n","protected":false},"excerpt":{"rendered":"<p>\u015eAM \u2013 Halk Meclisi \u0130srail\u2019in Arap halk\u0131m\u0131z ile \u0130slam ve H\u0131ristiyan kutsal yerlerimize y\u00f6nelik d\u00fczenledi\u011fi ter\u00f6r su\u00e7lar\u0131yla, bug\u00fcn b\u00f6lgenin \u00fczerinde bulunan ter\u00f6r ideolojisini kurdu\u011funu sosyal, dini, ve etnik b\u00fct\u00fcn bile\u015fenlerini tehdit etti\u011fini belirtti. Halk Meclisi Siyonistlerin m\u00fcbarek Mescidi Aksa\u2019y\u0131 yakmalar\u0131n\u0131n 45. Y\u0131ld\u00f6n\u00fcm\u00fc m\u00fcnasebetiyle yay\u0131nlad\u0131\u011f\u0131 beyanda, vahhabi ve tekfiri a\u015f\u0131r\u0131 dinci ter\u00f6r \u00f6rg\u00fctlerinin Amerika, \u0130srail ve &hellip;<\/p>\n","protected":false},"author":1,"featured_media":8108,"comment_status":"closed","ping_status":"closed","sticky":false,"template":"","format":"standard","meta":{"footnotes":""},"categories":[479,447,478,1],"tags":[],"class_list":["post-8107","post","type-post","status-publish","format-standard","has-post-thumbnail","","category-haberler-yerel","category-politika","category-yerel","category-news-not-sorted"],"_links":{"self":[{"href":"https:\/\/archive.sana.sy\/tr\/index.php?rest_route=\/wp\/v2\/posts\/8107","targetHints":{"allow":["GET"]}}],"collection":[{"href":"https:\/\/archive.sana.sy\/tr\/index.php?rest_route=\/wp\/v2\/posts"}],"about":[{"href":"https:\/\/archive.sana.sy\/tr\/index.php?rest_route=\/wp\/v2\/types\/post"}],"author":[{"embeddable":true,"href":"https:\/\/archive.sana.sy\/tr\/index.php?rest_route=\/wp\/v2\/users\/1"}],"replies":[{"embeddable":true,"href":"https:\/\/archive.sana.sy\/tr\/index.php?rest_route=%2Fwp%2Fv2%2Fcomments&post=8107"}],"version-history":[{"count":0,"href":"https:\/\/archive.sana.sy\/tr\/index.php?rest_route=\/wp\/v2\/posts\/8107\/revisions"}],"wp:featuredmedia":[{"embeddable":true,"href":"https:\/\/archive.sana.sy\/tr\/index.php?rest_route=\/wp\/v2\/media\/8108"}],"wp:attachment":[{"href":"https:\/\/archive.sana.sy\/tr\/index.php?rest_route=%2Fwp%2Fv2%2Fmedia&parent=8107"}],"wp:term":[{"taxonomy":"category","embeddable":true,"href":"https:\/\/archive.sana.sy\/tr\/index.php?rest_route=%2Fwp%2Fv2%2Fcategories&post=8107"},{"taxonomy":"post_tag","embeddable":true,"href":"https:\/\/archive.sana.sy\/tr\/index.php?rest_route=%2Fwp%2Fv2%2Ftags&post=8107"}],"curies":[{"name":"wp","href":"https:\/\/api.w.org\/{rel}","templated":true}]}}