{"id":81086,"date":"2016-07-26T10:00:27","date_gmt":"2016-07-26T07:00:27","guid":{"rendered":"http:\/\/www.sana.sy\/tr\/?p=81086"},"modified":"2016-07-27T09:39:53","modified_gmt":"2016-07-27T06:39:53","slug":"lazkiye-ve-suveyda-takimlari-16-ve-18-yas-alti-karate-cumhuriyet-kupasini-kazandi","status":"publish","type":"post","link":"https:\/\/archive.sana.sy\/tr\/?p=81086","title":{"rendered":"Lazkiye ve S\u00fcveyda tak\u0131mlar\u0131 16 ve 18 ya\u015f alt\u0131 Karate Cumhuriyet kupas\u0131n\u0131 kazand\u0131"},"content":{"rendered":"<p>Lazkiye ve S\u00fcveyda tak\u0131mlar\u0131 16 ve 18 ya\u015f alt\u0131 Karate Cumhuriyet kupas\u0131n\u0131 kazand\u0131<\/p>\n<p>https:\/\/youtu.be\/uZMsmY_z04g<\/p>\n<p>R.H.<\/p>\n","protected":false},"excerpt":{"rendered":"<p>Lazkiye ve S\u00fcveyda tak\u0131mlar\u0131 16 ve 18 ya\u015f alt\u0131 Karate Cumhuriyet kupas\u0131n\u0131 kazand\u0131 https:\/\/youtu.be\/uZMsmY_z04g R.H.<\/p>\n","protected":false},"author":1,"featured_media":81087,"comment_status":"closed","ping_status":"closed","sticky":false,"template":"","format":"standard","meta":{"footnotes":""},"categories":[18295],"tags":[22710],"class_list":["post-81086","post","type-post","status-publish","format-standard","has-post-thumbnail","","category-sana-video","tag-lazkiye-ve-suveyda-takimlari-16-ve-18-yas-alti-karate-cumhuriyet-kupasini-kazandi"],"_links":{"self":[{"href":"https:\/\/archive.sana.sy\/tr\/index.php?rest_route=\/wp\/v2\/posts\/81086","targetHints":{"allow":["GET"]}}],"collection":[{"href":"https:\/\/archive.sana.sy\/tr\/index.php?rest_route=\/wp\/v2\/posts"}],"about":[{"href":"https:\/\/archive.sana.sy\/tr\/index.php?rest_route=\/wp\/v2\/types\/post"}],"author":[{"embeddable":true,"href":"https:\/\/archive.sana.sy\/tr\/index.php?rest_route=\/wp\/v2\/users\/1"}],"replies":[{"embeddable":true,"href":"https:\/\/archive.sana.sy\/tr\/index.php?rest_route=%2Fwp%2Fv2%2Fcomments&post=81086"}],"version-history":[{"count":0,"href":"https:\/\/archive.sana.sy\/tr\/index.php?rest_route=\/wp\/v2\/posts\/81086\/revisions"}],"wp:featuredmedia":[{"embeddable":true,"href":"https:\/\/archive.sana.sy\/tr\/index.php?rest_route=\/wp\/v2\/media\/81087"}],"wp:attachment":[{"href":"https:\/\/archive.sana.sy\/tr\/index.php?rest_route=%2Fwp%2Fv2%2Fmedia&parent=81086"}],"wp:term":[{"taxonomy":"category","embeddable":true,"href":"https:\/\/archive.sana.sy\/tr\/index.php?rest_route=%2Fwp%2Fv2%2Fcategories&post=81086"},{"taxonomy":"post_tag","embeddable":true,"href":"https:\/\/archive.sana.sy\/tr\/index.php?rest_route=%2Fwp%2Fv2%2Ftags&post=81086"}],"curies":[{"name":"wp","href":"https:\/\/api.w.org\/{rel}","templated":true}]}}