{"id":81089,"date":"2016-07-26T11:00:23","date_gmt":"2016-07-26T08:00:23","guid":{"rendered":"http:\/\/www.sana.sy\/tr\/?p=81089"},"modified":"2016-07-27T09:43:27","modified_gmt":"2016-07-27T06:43:27","slug":"samin-kefersosa-bolgesinde-meydana-gelen-bombali-teror-eyleminde-bircok-vatandas-yaralandi","status":"publish","type":"post","link":"https:\/\/archive.sana.sy\/tr\/?p=81089","title":{"rendered":"\u015eam\u2019\u0131n Kefersosa b\u00f6lgesinde meydana gelen bombal\u0131 ter\u00f6r eyleminde bir\u00e7ok vatanda\u015f yaraland\u0131"},"content":{"rendered":"<p>\u015eam\u2019\u0131n Kefersosa b\u00f6lgesinde meydana gelen bombal\u0131 ter\u00f6r eyleminde bir\u00e7ok vatanda\u015f yaraland\u0131<\/p>\n<p>https:\/\/youtu.be\/IjzIsI6VYhw<\/p>\n<p>R.H.<\/p>\n","protected":false},"excerpt":{"rendered":"<p>\u015eam\u2019\u0131n Kefersosa b\u00f6lgesinde meydana gelen bombal\u0131 ter\u00f6r eyleminde bir\u00e7ok vatanda\u015f yaraland\u0131 https:\/\/youtu.be\/IjzIsI6VYhw R.H.<\/p>\n","protected":false},"author":1,"featured_media":81090,"comment_status":"closed","ping_status":"closed","sticky":false,"template":"","format":"standard","meta":{"footnotes":""},"categories":[18295],"tags":[22711],"class_list":["post-81089","post","type-post","status-publish","format-standard","has-post-thumbnail","","category-sana-video","tag-samin-kefersosa-bolgesinde-meydana-gelen-bombali-teror-eyleminde-bircok-vatandas-yaralandi"],"_links":{"self":[{"href":"https:\/\/archive.sana.sy\/tr\/index.php?rest_route=\/wp\/v2\/posts\/81089","targetHints":{"allow":["GET"]}}],"collection":[{"href":"https:\/\/archive.sana.sy\/tr\/index.php?rest_route=\/wp\/v2\/posts"}],"about":[{"href":"https:\/\/archive.sana.sy\/tr\/index.php?rest_route=\/wp\/v2\/types\/post"}],"author":[{"embeddable":true,"href":"https:\/\/archive.sana.sy\/tr\/index.php?rest_route=\/wp\/v2\/users\/1"}],"replies":[{"embeddable":true,"href":"https:\/\/archive.sana.sy\/tr\/index.php?rest_route=%2Fwp%2Fv2%2Fcomments&post=81089"}],"version-history":[{"count":0,"href":"https:\/\/archive.sana.sy\/tr\/index.php?rest_route=\/wp\/v2\/posts\/81089\/revisions"}],"wp:featuredmedia":[{"embeddable":true,"href":"https:\/\/archive.sana.sy\/tr\/index.php?rest_route=\/wp\/v2\/media\/81090"}],"wp:attachment":[{"href":"https:\/\/archive.sana.sy\/tr\/index.php?rest_route=%2Fwp%2Fv2%2Fmedia&parent=81089"}],"wp:term":[{"taxonomy":"category","embeddable":true,"href":"https:\/\/archive.sana.sy\/tr\/index.php?rest_route=%2Fwp%2Fv2%2Fcategories&post=81089"},{"taxonomy":"post_tag","embeddable":true,"href":"https:\/\/archive.sana.sy\/tr\/index.php?rest_route=%2Fwp%2Fv2%2Ftags&post=81089"}],"curies":[{"name":"wp","href":"https:\/\/api.w.org\/{rel}","templated":true}]}}