{"id":8110,"date":"2014-08-24T14:16:43","date_gmt":"2014-08-24T11:16:43","guid":{"rendered":"http:\/\/www.sana.sy\/tr\/?p=8110"},"modified":"2014-08-24T14:16:43","modified_gmt":"2014-08-24T11:16:43","slug":"suriyede-basarisizliklari-iranin-konumunu-guclendirdi","status":"publish","type":"post","link":"https:\/\/archive.sana.sy\/tr\/?p=8110","title":{"rendered":"Suriye&#8217;de Ba\u015far\u0131s\u0131zl\u0131klar\u0131 \u0130ran\u2019\u0131n Konumunu G\u00fc\u00e7lendirdi"},"content":{"rendered":"<p>TAHRAN \u2013 \u0130ran \u015eura Meclisinde Milli G\u00fcvenlik ve D\u0131\u015f Politika Komitesi Ba\u015fkan\u0131 Alauddin Brojerdi ABD ve m\u00fcttefiklerinin Suriye devletini tekfirci ter\u00f6r \u00f6rg\u00fctleri arac\u0131l\u0131\u011f\u0131 ile d\u00fc\u015f\u00fcrme \u00e7abalar\u0131nda ba\u015far\u0131s\u0131z ve aciz d\u00fc\u015fmelerinin, \u0130ran\u2019\u0131n b\u00f6lgede ve n\u00fckleer dosyas\u0131na ili\u015fkin m\u00fczakerelerde g\u00fc\u00e7lenmesine yol a\u00e7t\u0131\u011f\u0131n\u0131 belirtti.<\/p>\n<p>Brojerdi \u015eura Meclisinde d\u00fczenlenen panelde \u0130ran\u2019\u0131n n\u00fckleer dosyas\u0131 ve hakk\u0131n\u0131n k\u0131rm\u0131z\u0131 \u00e7izgi oldu\u011funu, bu hakk\u0131ndan vazge\u00e7mesinin m\u00fcmk\u00fcn olmad\u0131\u011f\u0131n\u0131 ifade etti.<\/p>\n","protected":false},"excerpt":{"rendered":"<p>TAHRAN \u2013 \u0130ran \u015eura Meclisinde Milli G\u00fcvenlik ve D\u0131\u015f Politika Komitesi Ba\u015fkan\u0131 Alauddin Brojerdi ABD ve m\u00fcttefiklerinin Suriye devletini tekfirci ter\u00f6r \u00f6rg\u00fctleri arac\u0131l\u0131\u011f\u0131 ile d\u00fc\u015f\u00fcrme \u00e7abalar\u0131nda ba\u015far\u0131s\u0131z ve aciz d\u00fc\u015fmelerinin, \u0130ran\u2019\u0131n b\u00f6lgede ve n\u00fckleer dosyas\u0131na ili\u015fkin m\u00fczakerelerde g\u00fc\u00e7lenmesine yol a\u00e7t\u0131\u011f\u0131n\u0131 belirtti. Brojerdi \u015eura Meclisinde d\u00fczenlenen panelde \u0130ran\u2019\u0131n n\u00fckleer dosyas\u0131 ve hakk\u0131n\u0131n k\u0131rm\u0131z\u0131 \u00e7izgi oldu\u011funu, bu &hellip;<\/p>\n","protected":false},"author":1,"featured_media":8111,"comment_status":"closed","ping_status":"closed","sticky":false,"template":"","format":"standard","meta":{"footnotes":""},"categories":[458,459,447],"tags":[],"class_list":["post-8110","post","type-post","status-publish","format-standard","has-post-thumbnail","","category-dunya1","category-haberler-arap-uluslararasi-politika","category-politika"],"_links":{"self":[{"href":"https:\/\/archive.sana.sy\/tr\/index.php?rest_route=\/wp\/v2\/posts\/8110","targetHints":{"allow":["GET"]}}],"collection":[{"href":"https:\/\/archive.sana.sy\/tr\/index.php?rest_route=\/wp\/v2\/posts"}],"about":[{"href":"https:\/\/archive.sana.sy\/tr\/index.php?rest_route=\/wp\/v2\/types\/post"}],"author":[{"embeddable":true,"href":"https:\/\/archive.sana.sy\/tr\/index.php?rest_route=\/wp\/v2\/users\/1"}],"replies":[{"embeddable":true,"href":"https:\/\/archive.sana.sy\/tr\/index.php?rest_route=%2Fwp%2Fv2%2Fcomments&post=8110"}],"version-history":[{"count":0,"href":"https:\/\/archive.sana.sy\/tr\/index.php?rest_route=\/wp\/v2\/posts\/8110\/revisions"}],"wp:featuredmedia":[{"embeddable":true,"href":"https:\/\/archive.sana.sy\/tr\/index.php?rest_route=\/wp\/v2\/media\/8111"}],"wp:attachment":[{"href":"https:\/\/archive.sana.sy\/tr\/index.php?rest_route=%2Fwp%2Fv2%2Fmedia&parent=8110"}],"wp:term":[{"taxonomy":"category","embeddable":true,"href":"https:\/\/archive.sana.sy\/tr\/index.php?rest_route=%2Fwp%2Fv2%2Fcategories&post=8110"},{"taxonomy":"post_tag","embeddable":true,"href":"https:\/\/archive.sana.sy\/tr\/index.php?rest_route=%2Fwp%2Fv2%2Ftags&post=8110"}],"curies":[{"name":"wp","href":"https:\/\/api.w.org\/{rel}","templated":true}]}}