{"id":81106,"date":"2016-07-26T21:00:58","date_gmt":"2016-07-26T18:00:58","guid":{"rendered":"http:\/\/www.sana.sy\/tr\/?p=81106"},"modified":"2016-07-27T11:15:42","modified_gmt":"2016-07-27T08:15:42","slug":"bakanlar-kurulu-bakanliklarin-uygulama-stratejilerini-belirledi","status":"publish","type":"post","link":"https:\/\/archive.sana.sy\/tr\/?p=81106","title":{"rendered":"Bakanlar Kurulu Bakanl\u0131klar\u0131n Uygulama Stratejilerini Belirledi"},"content":{"rendered":"<p>\u015eAM \u2013 H\u00fck\u00fcmetin takdim etti\u011fi beyan\u0131n uygulanmas\u0131 kapsam\u0131nda Bakanlar Kurulu bug\u00fcn Ba\u015fbakan \u0130madHamis Ba\u015fkanl\u0131\u011f\u0131nda d\u00fczenledi\u011fi haftal\u0131k ola\u011fan toplant\u0131s\u0131nda bakanl\u0131klar\u0131n \u00e7al\u0131\u015fma mekanizmalar\u0131 ve uygulama stratejileri belirlendi.<\/p>\n<p>Bakanl\u0131klar\u0131n \u00e7al\u0131\u015fma mekanizmalar\u0131 ve uygulama stratejileri; \u00fclkede ya\u015fanmakta olan krizin etkilerinin giderilmesi, vatanda\u015flar\u0131n g\u00fcnl\u00fck ihtiya\u00e7lar\u0131n\u0131n kar\u015f\u0131lanmas\u0131 ve her bakanl\u0131\u011f\u0131n kendi \u00e7al\u0131\u015fmalar\u0131n\u0131 geli\u015ftirmesi ilkeleri temelinde haz\u0131rland\u0131.<\/p>\n<p>F.B. &#8211; R.H.<\/p>\n","protected":false},"excerpt":{"rendered":"<p>\u015eAM \u2013 H\u00fck\u00fcmetin takdim etti\u011fi beyan\u0131n uygulanmas\u0131 kapsam\u0131nda Bakanlar Kurulu bug\u00fcn Ba\u015fbakan \u0130madHamis Ba\u015fkanl\u0131\u011f\u0131nda d\u00fczenledi\u011fi haftal\u0131k ola\u011fan toplant\u0131s\u0131nda bakanl\u0131klar\u0131n \u00e7al\u0131\u015fma mekanizmalar\u0131 ve uygulama stratejileri belirlendi. Bakanl\u0131klar\u0131n \u00e7al\u0131\u015fma mekanizmalar\u0131 ve uygulama stratejileri; \u00fclkede ya\u015fanmakta olan krizin etkilerinin giderilmesi, vatanda\u015flar\u0131n g\u00fcnl\u00fck ihtiya\u00e7lar\u0131n\u0131n kar\u015f\u0131lanmas\u0131 ve her bakanl\u0131\u011f\u0131n kendi \u00e7al\u0131\u015fmalar\u0131n\u0131 geli\u015ftirmesi ilkeleri temelinde haz\u0131rland\u0131. F.B. &#8211; R.H.<\/p>\n","protected":false},"author":1,"featured_media":81107,"comment_status":"closed","ping_status":"closed","sticky":false,"template":"","format":"standard","meta":{"footnotes":""},"categories":[479,17988,478],"tags":[22712],"class_list":["post-81106","post","type-post","status-publish","format-standard","has-post-thumbnail","","category-haberler-yerel","category-son-haberler","category-yerel","tag-bakanlar-kurulu-bakanliklarin-uygulama-stratejilerini-belirledi"],"_links":{"self":[{"href":"https:\/\/archive.sana.sy\/tr\/index.php?rest_route=\/wp\/v2\/posts\/81106","targetHints":{"allow":["GET"]}}],"collection":[{"href":"https:\/\/archive.sana.sy\/tr\/index.php?rest_route=\/wp\/v2\/posts"}],"about":[{"href":"https:\/\/archive.sana.sy\/tr\/index.php?rest_route=\/wp\/v2\/types\/post"}],"author":[{"embeddable":true,"href":"https:\/\/archive.sana.sy\/tr\/index.php?rest_route=\/wp\/v2\/users\/1"}],"replies":[{"embeddable":true,"href":"https:\/\/archive.sana.sy\/tr\/index.php?rest_route=%2Fwp%2Fv2%2Fcomments&post=81106"}],"version-history":[{"count":0,"href":"https:\/\/archive.sana.sy\/tr\/index.php?rest_route=\/wp\/v2\/posts\/81106\/revisions"}],"wp:featuredmedia":[{"embeddable":true,"href":"https:\/\/archive.sana.sy\/tr\/index.php?rest_route=\/wp\/v2\/media\/81107"}],"wp:attachment":[{"href":"https:\/\/archive.sana.sy\/tr\/index.php?rest_route=%2Fwp%2Fv2%2Fmedia&parent=81106"}],"wp:term":[{"taxonomy":"category","embeddable":true,"href":"https:\/\/archive.sana.sy\/tr\/index.php?rest_route=%2Fwp%2Fv2%2Fcategories&post=81106"},{"taxonomy":"post_tag","embeddable":true,"href":"https:\/\/archive.sana.sy\/tr\/index.php?rest_route=%2Fwp%2Fv2%2Ftags&post=81106"}],"curies":[{"name":"wp","href":"https:\/\/api.w.org\/{rel}","templated":true}]}}