{"id":8113,"date":"2014-08-24T14:52:25","date_gmt":"2014-08-24T11:52:25","guid":{"rendered":"http:\/\/www.sana.sy\/tr\/?p=8113"},"modified":"2014-08-24T14:52:25","modified_gmt":"2014-08-24T11:52:25","slug":"iran-disisleri-bakani-muhammed-cevat-zarif-irakli-mevkidasi-hosiyar-zebari-ile-duzenledigi-ortak-basin-toplantisinda-irak-ve-sam-islami-devleti-isid-adli-orgutun-sadece-suriye-ve-irakta-degil","status":"publish","type":"post","link":"https:\/\/archive.sana.sy\/tr\/?p=8113","title":{"rendered":"\u0130ran D\u0131\u015fi\u015fleri Bakan\u0131 Muhammed Cevat Zarif Irakl\u0131 mevkida\u015f\u0131 Ho\u015fiyar Zebari ile d\u00fczenledi\u011fi ortak bas\u0131n toplant\u0131s\u0131nda Irak ve \u015eam \u0130slami Devleti I\u015e\u0130D adl\u0131 \u00f6rg\u00fct\u00fcn sadece Suriye ve Irak\u2019ta de\u011fil t\u00fcm b\u00f6lgenin g\u00fcvenlik ve istikrar\u0131n\u0131 tehdit etti\u011fini belirtti."},"content":{"rendered":"<p>\u0130ran D\u0131\u015fi\u015fleri Bakan\u0131 Muhammed Cevat Zarif Irakl\u0131 mevkida\u015f\u0131 Ho\u015fiyar Zebari ile d\u00fczenledi\u011fi ortak bas\u0131n toplant\u0131s\u0131nda Irak ve \u015eam \u0130slami Devleti I\u015e\u0130D adl\u0131 \u00f6rg\u00fct\u00fcn sadece Suriye ve Irak\u2019ta de\u011fil t\u00fcm b\u00f6lgenin g\u00fcvenlik ve istikrar\u0131n\u0131 tehdit etti\u011fini belirtti.<\/p>\n","protected":false},"excerpt":{"rendered":"<p>\u0130ran D\u0131\u015fi\u015fleri Bakan\u0131 Muhammed Cevat Zarif Irakl\u0131 mevkida\u015f\u0131 Ho\u015fiyar Zebari ile d\u00fczenledi\u011fi ortak bas\u0131n toplant\u0131s\u0131nda Irak ve \u015eam \u0130slami Devleti I\u015e\u0130D adl\u0131 \u00f6rg\u00fct\u00fcn sadece Suriye ve Irak\u2019ta de\u011fil t\u00fcm b\u00f6lgenin g\u00fcvenlik ve istikrar\u0131n\u0131 tehdit etti\u011fini belirtti.<\/p>\n","protected":false},"author":1,"featured_media":0,"comment_status":"closed","ping_status":"closed","sticky":false,"template":"","format":"standard","meta":{"footnotes":""},"categories":[1],"tags":[1809],"class_list":["post-8113","post","type-post","status-publish","format-standard","","category-news-not-sorted","tag-iran-disisleri-bakani-muhammed-cevat-zarif-irakli-mevkidasi-hosiyar-zebari-ile-duzenledigi-ortak-basin-toplantisinda-irak-ve-sam-islami-devleti-isid-adli-orgutun-sadece-suriye-ve-irakta-degil"],"_links":{"self":[{"href":"https:\/\/archive.sana.sy\/tr\/index.php?rest_route=\/wp\/v2\/posts\/8113","targetHints":{"allow":["GET"]}}],"collection":[{"href":"https:\/\/archive.sana.sy\/tr\/index.php?rest_route=\/wp\/v2\/posts"}],"about":[{"href":"https:\/\/archive.sana.sy\/tr\/index.php?rest_route=\/wp\/v2\/types\/post"}],"author":[{"embeddable":true,"href":"https:\/\/archive.sana.sy\/tr\/index.php?rest_route=\/wp\/v2\/users\/1"}],"replies":[{"embeddable":true,"href":"https:\/\/archive.sana.sy\/tr\/index.php?rest_route=%2Fwp%2Fv2%2Fcomments&post=8113"}],"version-history":[{"count":0,"href":"https:\/\/archive.sana.sy\/tr\/index.php?rest_route=\/wp\/v2\/posts\/8113\/revisions"}],"wp:attachment":[{"href":"https:\/\/archive.sana.sy\/tr\/index.php?rest_route=%2Fwp%2Fv2%2Fmedia&parent=8113"}],"wp:term":[{"taxonomy":"category","embeddable":true,"href":"https:\/\/archive.sana.sy\/tr\/index.php?rest_route=%2Fwp%2Fv2%2Fcategories&post=8113"},{"taxonomy":"post_tag","embeddable":true,"href":"https:\/\/archive.sana.sy\/tr\/index.php?rest_route=%2Fwp%2Fv2%2Ftags&post=8113"}],"curies":[{"name":"wp","href":"https:\/\/api.w.org\/{rel}","templated":true}]}}