{"id":8115,"date":"2014-08-24T15:03:17","date_gmt":"2014-08-24T12:03:17","guid":{"rendered":"http:\/\/www.sana.sy\/tr\/?p=8115"},"modified":"2014-08-24T15:32:32","modified_gmt":"2014-08-24T12:32:32","slug":"ulusal-uzlasmalarda-yerel-inisiyatifler-kurumsal-cercevede-yapilmali","status":"publish","type":"post","link":"https:\/\/archive.sana.sy\/tr\/?p=8115","title":{"rendered":"Ulusal Uzla\u015fmalarda Yerel \u0130nisiyatifler Kurumsal \u00c7er\u00e7evede Yap\u0131lmal\u0131"},"content":{"rendered":"<p>HAMA \u2013 Hama Valisi Gassan Halaf, ulusal uzla\u015fma alan\u0131ndaki mahalli inisiyatiflerin kurumsal ve toplumsal bir \u015fekilde planl\u0131 ve y\u00fcksek ulusal \u00e7\u0131karlar\u0131 g\u00f6zetleyecek \u015fekilde yap\u0131lmas\u0131 zorunlulu\u011funu belirtti.<\/p>\n<p>Vali mahalli ve dini \u015fahsiyetlerin yan\u0131 s\u0131ra baz\u0131 milletvekilleri ve uzla\u015fma komiteleriyle Salhab Nahiyesi K\u00fclt\u00fcr merkezinde bir araya geli\u015finde, sivil toplum \u00f6rg\u00fctleri, M\u00fcsl\u00fcman ve H\u0131ristiyan din adamlar\u0131n\u0131n ulusal uzla\u015fmalar\u0131n ba\u015far\u0131ya ula\u015ft\u0131r\u0131lmas\u0131, sevgi ve ho\u015fg\u00f6r\u00fcn\u00fcn yayg\u0131nla\u015ft\u0131r\u0131lmas\u0131ndaki \u00f6nemli rollerine i\u015faret ederek, Valili\u011fin bu u\u011furda gerekli b\u00fct\u00fcn yard\u0131m ve deste\u011fini sunmaya haz\u0131r oldu\u011funu belirtti.<\/p>\n<p>Kendi y\u00f6n\u00fcnden Sukaylbiye\u2019de Rum Ortodoks taifesinin Kilise sorumlusu Papa Luis Skaf, Suriye evlatlar\u0131n\u0131n bu s\u00fcre\u00e7te Kuran ve \u0130ncil\u2019den al\u0131nma ger\u00e7ek bir g\u00f6r\u00fc\u015fe ihtiya\u00e7 duyduklar\u0131n\u0131 bu g\u00f6r\u00fc\u015f\u00fcn kendilerini par\u00e7alamaya ve zay\u0131flatmaya varan vatan d\u00fc\u015fmanlar\u0131n\u0131n giri\u015fimlerine kar\u015f\u0131 birle\u015ftirece\u011fini vurgulad\u0131.<\/p>\n<p>Bu arada Soran\u2019da Ulusal Uzla\u015fma Komitesi \u00fcyesi Ali \u015eabani, oyuna getirilen vatan evlatlar\u0131n\u0131 do\u011fru yola en k\u0131sa zamanda girmeye \u00e7a\u011f\u0131rarak vatan\u0131n yeniden yap\u0131land\u0131r\u0131lmas\u0131 s\u00fcrecine kat\u0131lmalar\u0131 tavsiyesinde bulundu.<\/p>\n<p>Hama Ali Bin Ebi Talip Camii \u0130mam\u0131 \u015eeyh Ahmet Halit el Muhammed, ulusal uzla\u015fman\u0131n Suriyeliler a\u00e7\u0131s\u0131ndan gelecek a\u015famada temel bir se\u00e7enek oldu\u011funu ifade etti.<\/p>\n<p>\u0130l Konsey \u00fcyesi Muhammed Cu\u011fayli ise, ulusal uzla\u015fman\u0131n b\u00fct\u00fcn d\u00fczeylerde ba\u015far\u0131ya ula\u015ft\u0131r\u0131lmas\u0131 i\u00e7in toplu ve aktif bir \u015fekilde \u00e7al\u0131\u015fmaya \u00e7a\u011fr\u0131 yapt\u0131.<\/p>\n<p>Kendi y\u00f6n\u00fcnden ulusal uzla\u015fma komitesi \u00fcyesi \u0130brahim Berhum, uzla\u015fmalar\u0131n \u00f6ncelikle K\u00f6y evlatlar\u0131 d\u00fczeyinde yap\u0131lmas\u0131 gerekti\u011fini daha sonra da a\u015famal\u0131 bir \u015fekilde geni\u015fletilmesinin daha verimli olaca\u011f\u0131n\u0131 ifade etti.<\/p>\n<p>El Moa K\u00f6y\u00fcn\u00fcn ileri gelenlerinden Ali Dib ise, krizin \u00e7\u0131k\u0131\u015f yolu ile bitirilmesi i\u00e7in vatan evlatlar\u0131 aras\u0131nda sevgi ve i\u015fbirli\u011fi ilkelerini peki\u015ftirmenin \u00f6nemine i\u015faret etti.<\/p>\n<p>G\u00f6r\u00fc\u015fmeye Hama \u0130l Konsey Ba\u015fkan\u0131 Cemil Yusuf\u2019ta kat\u0131ld\u0131.<\/p>\n","protected":false},"excerpt":{"rendered":"<p>HAMA \u2013 Hama Valisi Gassan Halaf, ulusal uzla\u015fma alan\u0131ndaki mahalli inisiyatiflerin kurumsal ve toplumsal bir \u015fekilde planl\u0131 ve y\u00fcksek ulusal \u00e7\u0131karlar\u0131 g\u00f6zetleyecek \u015fekilde yap\u0131lmas\u0131 zorunlulu\u011funu belirtti. Vali mahalli ve dini \u015fahsiyetlerin yan\u0131 s\u0131ra baz\u0131 milletvekilleri ve uzla\u015fma komiteleriyle Salhab Nahiyesi K\u00fclt\u00fcr merkezinde bir araya geli\u015finde, sivil toplum \u00f6rg\u00fctleri, M\u00fcsl\u00fcman ve H\u0131ristiyan din adamlar\u0131n\u0131n ulusal uzla\u015fmalar\u0131n &hellip;<\/p>\n","protected":false},"author":1,"featured_media":8116,"comment_status":"closed","ping_status":"closed","sticky":false,"template":"","format":"standard","meta":{"footnotes":""},"categories":[479,478],"tags":[1810],"class_list":["post-8115","post","type-post","status-publish","format-standard","has-post-thumbnail","","category-haberler-yerel","category-yerel","tag-ulusal-uzlasmalarda-yerel-inisiyatifler-kurumsal-cercevede-yapilmali"],"_links":{"self":[{"href":"https:\/\/archive.sana.sy\/tr\/index.php?rest_route=\/wp\/v2\/posts\/8115","targetHints":{"allow":["GET"]}}],"collection":[{"href":"https:\/\/archive.sana.sy\/tr\/index.php?rest_route=\/wp\/v2\/posts"}],"about":[{"href":"https:\/\/archive.sana.sy\/tr\/index.php?rest_route=\/wp\/v2\/types\/post"}],"author":[{"embeddable":true,"href":"https:\/\/archive.sana.sy\/tr\/index.php?rest_route=\/wp\/v2\/users\/1"}],"replies":[{"embeddable":true,"href":"https:\/\/archive.sana.sy\/tr\/index.php?rest_route=%2Fwp%2Fv2%2Fcomments&post=8115"}],"version-history":[{"count":0,"href":"https:\/\/archive.sana.sy\/tr\/index.php?rest_route=\/wp\/v2\/posts\/8115\/revisions"}],"wp:featuredmedia":[{"embeddable":true,"href":"https:\/\/archive.sana.sy\/tr\/index.php?rest_route=\/wp\/v2\/media\/8116"}],"wp:attachment":[{"href":"https:\/\/archive.sana.sy\/tr\/index.php?rest_route=%2Fwp%2Fv2%2Fmedia&parent=8115"}],"wp:term":[{"taxonomy":"category","embeddable":true,"href":"https:\/\/archive.sana.sy\/tr\/index.php?rest_route=%2Fwp%2Fv2%2Fcategories&post=8115"},{"taxonomy":"post_tag","embeddable":true,"href":"https:\/\/archive.sana.sy\/tr\/index.php?rest_route=%2Fwp%2Fv2%2Ftags&post=8115"}],"curies":[{"name":"wp","href":"https:\/\/api.w.org\/{rel}","templated":true}]}}