{"id":81157,"date":"2016-07-27T09:00:19","date_gmt":"2016-07-27T06:00:19","guid":{"rendered":"http:\/\/www.sana.sy\/tr\/?p=81157"},"modified":"2016-07-27T12:46:50","modified_gmt":"2016-07-27T09:46:50","slug":"kibris-baspiskoposu-samda-emeviler-camii-ve-sam-kirsalinda-malula-beldesini-ziyaret-ediyor","status":"publish","type":"post","link":"https:\/\/archive.sana.sy\/tr\/?p=81157","title":{"rendered":"K\u0131br\u0131s Ba\u015fpiskoposu \u015eam\u2019da Emeviler Camii ve \u015eam k\u0131rsal\u0131nda Malula Beldesini ziyaret ediyor"},"content":{"rendered":"<p>K\u0131br\u0131s Ba\u015fpiskoposu \u015eam\u2019da Emeviler Camii ve \u015eam k\u0131rsal\u0131nda Malula Beldesini ziyaret ediyor<\/p>\n<p>https:\/\/youtu.be\/GemRK-v87ng<\/p>\n<p>R.H.<\/p>\n","protected":false},"excerpt":{"rendered":"<p>K\u0131br\u0131s Ba\u015fpiskoposu \u015eam\u2019da Emeviler Camii ve \u015eam k\u0131rsal\u0131nda Malula Beldesini ziyaret ediyor https:\/\/youtu.be\/GemRK-v87ng R.H.<\/p>\n","protected":false},"author":1,"featured_media":81168,"comment_status":"closed","ping_status":"closed","sticky":false,"template":"","format":"standard","meta":{"footnotes":""},"categories":[18295],"tags":[22724],"class_list":["post-81157","post","type-post","status-publish","format-standard","has-post-thumbnail","","category-sana-video","tag-kibris-baspiskoposu-samda-emeviler-camii-ve-sam-kirsalinda-malula-beldesini-ziyaret-ediyor"],"_links":{"self":[{"href":"https:\/\/archive.sana.sy\/tr\/index.php?rest_route=\/wp\/v2\/posts\/81157","targetHints":{"allow":["GET"]}}],"collection":[{"href":"https:\/\/archive.sana.sy\/tr\/index.php?rest_route=\/wp\/v2\/posts"}],"about":[{"href":"https:\/\/archive.sana.sy\/tr\/index.php?rest_route=\/wp\/v2\/types\/post"}],"author":[{"embeddable":true,"href":"https:\/\/archive.sana.sy\/tr\/index.php?rest_route=\/wp\/v2\/users\/1"}],"replies":[{"embeddable":true,"href":"https:\/\/archive.sana.sy\/tr\/index.php?rest_route=%2Fwp%2Fv2%2Fcomments&post=81157"}],"version-history":[{"count":0,"href":"https:\/\/archive.sana.sy\/tr\/index.php?rest_route=\/wp\/v2\/posts\/81157\/revisions"}],"wp:featuredmedia":[{"embeddable":true,"href":"https:\/\/archive.sana.sy\/tr\/index.php?rest_route=\/wp\/v2\/media\/81168"}],"wp:attachment":[{"href":"https:\/\/archive.sana.sy\/tr\/index.php?rest_route=%2Fwp%2Fv2%2Fmedia&parent=81157"}],"wp:term":[{"taxonomy":"category","embeddable":true,"href":"https:\/\/archive.sana.sy\/tr\/index.php?rest_route=%2Fwp%2Fv2%2Fcategories&post=81157"},{"taxonomy":"post_tag","embeddable":true,"href":"https:\/\/archive.sana.sy\/tr\/index.php?rest_route=%2Fwp%2Fv2%2Ftags&post=81157"}],"curies":[{"name":"wp","href":"https:\/\/api.w.org\/{rel}","templated":true}]}}