{"id":81174,"date":"2016-07-27T11:47:10","date_gmt":"2016-07-27T08:47:10","guid":{"rendered":"http:\/\/www.sana.sy\/tr\/?p=81174"},"modified":"2016-07-28T09:56:38","modified_gmt":"2016-07-28T06:56:38","slug":"keskin-nisanci-silahlarla-vatandaslara-ates-actilar","status":"publish","type":"post","link":"https:\/\/archive.sana.sy\/tr\/?p=81174","title":{"rendered":"Keskin Ni\u015fanc\u0131 Silahlarla Vatanda\u015flara Ate\u015f A\u00e7t\u0131lar"},"content":{"rendered":"<p>HALEP \u2013 D\u0131\u015f g\u00fc\u00e7lerin ajandalar\u0131n\u0131 hayata ge\u00e7irmelerinde edat olarak kullan\u0131lan ter\u00f6ristler sivil b\u00f6lgelere sald\u0131r\u0131lar\u0131n\u0131 s\u00fcrd\u00fcr\u00fcrlerken, bug\u00fcn bu \u00e7etelerin keskin ni\u015fanc\u0131 ate\u015fiyle bir kad\u0131n \u015fehit, 5 vatanda\u015f da yaral\u0131 d\u00fc\u015ft\u00fc.<\/p>\n<p>Halep \u0130l Emniyet M\u00fcd\u00fcrl\u00fc\u011f\u00fcnde bir kaynak SANA\u2019ya a\u00e7\u0131klamas\u0131nda ter\u00f6ristlerin bug\u00fcn sabah saatlerinde Halep Kentinin sivil yerle\u015fim alanlar\u0131ndan Ramusa Semtinde vatanda\u015flar\u0131 ve evleri keskin ni\u015fanc\u0131 silahlar\u0131n\u0131n yan\u0131 s\u0131ra makineli silahlarla tarad\u0131klar\u0131n\u0131 belirtti. Kaynak ter\u00f6r sald\u0131r\u0131lar\u0131 sonucunda 1 kad\u0131n\u0131n \u015fehit d\u00fc\u015ft\u00fc\u011f\u00fcn\u00fc, 5 vatanda\u015f\u0131n da yaraland\u0131klar\u0131n\u0131 s\u00f6yledi.<\/p>\n","protected":false},"excerpt":{"rendered":"<p>HALEP \u2013 D\u0131\u015f g\u00fc\u00e7lerin ajandalar\u0131n\u0131 hayata ge\u00e7irmelerinde edat olarak kullan\u0131lan ter\u00f6ristler sivil b\u00f6lgelere sald\u0131r\u0131lar\u0131n\u0131 s\u00fcrd\u00fcr\u00fcrlerken, bug\u00fcn bu \u00e7etelerin keskin ni\u015fanc\u0131 ate\u015fiyle bir kad\u0131n \u015fehit, 5 vatanda\u015f da yaral\u0131 d\u00fc\u015ft\u00fc. Halep \u0130l Emniyet M\u00fcd\u00fcrl\u00fc\u011f\u00fcnde bir kaynak SANA\u2019ya a\u00e7\u0131klamas\u0131nda ter\u00f6ristlerin bug\u00fcn sabah saatlerinde Halep Kentinin sivil yerle\u015fim alanlar\u0131ndan Ramusa Semtinde vatanda\u015flar\u0131 ve evleri keskin ni\u015fanc\u0131 silahlar\u0131n\u0131n yan\u0131 &hellip;<\/p>\n","protected":false},"author":1,"featured_media":81188,"comment_status":"closed","ping_status":"closed","sticky":false,"template":"","format":"standard","meta":{"footnotes":""},"categories":[479,575,17988,478],"tags":[3464,18237,18066,2318,20950,18347,18674,21968,19043,22182],"class_list":["post-81174","post","type-post","status-publish","format-standard","has-post-thumbnail","","category-haberler-yerel","category-olaylar-ve-gercekler","category-son-haberler","category-yerel","tag-nusra-cephesi","tag-cihatcilar","tag-erdogan-rejimi","tag-isid","tag-keskin-nisancilar","tag-oso","tag-silahli-muhalifler","tag-sivillere-ates-actilar","tag-suriyede-son-durum","tag-suriyede-savas"],"_links":{"self":[{"href":"https:\/\/archive.sana.sy\/tr\/index.php?rest_route=\/wp\/v2\/posts\/81174","targetHints":{"allow":["GET"]}}],"collection":[{"href":"https:\/\/archive.sana.sy\/tr\/index.php?rest_route=\/wp\/v2\/posts"}],"about":[{"href":"https:\/\/archive.sana.sy\/tr\/index.php?rest_route=\/wp\/v2\/types\/post"}],"author":[{"embeddable":true,"href":"https:\/\/archive.sana.sy\/tr\/index.php?rest_route=\/wp\/v2\/users\/1"}],"replies":[{"embeddable":true,"href":"https:\/\/archive.sana.sy\/tr\/index.php?rest_route=%2Fwp%2Fv2%2Fcomments&post=81174"}],"version-history":[{"count":0,"href":"https:\/\/archive.sana.sy\/tr\/index.php?rest_route=\/wp\/v2\/posts\/81174\/revisions"}],"wp:featuredmedia":[{"embeddable":true,"href":"https:\/\/archive.sana.sy\/tr\/index.php?rest_route=\/wp\/v2\/media\/81188"}],"wp:attachment":[{"href":"https:\/\/archive.sana.sy\/tr\/index.php?rest_route=%2Fwp%2Fv2%2Fmedia&parent=81174"}],"wp:term":[{"taxonomy":"category","embeddable":true,"href":"https:\/\/archive.sana.sy\/tr\/index.php?rest_route=%2Fwp%2Fv2%2Fcategories&post=81174"},{"taxonomy":"post_tag","embeddable":true,"href":"https:\/\/archive.sana.sy\/tr\/index.php?rest_route=%2Fwp%2Fv2%2Ftags&post=81174"}],"curies":[{"name":"wp","href":"https:\/\/api.w.org\/{rel}","templated":true}]}}