{"id":8118,"date":"2014-08-24T15:20:39","date_gmt":"2014-08-24T12:20:39","guid":{"rendered":"http:\/\/www.sana.sy\/tr\/?p=8118"},"modified":"2014-08-24T15:20:39","modified_gmt":"2014-08-24T12:20:39","slug":"isid-sadece-suriye-ve-iraki-degil-tum-bolgeyi-tehdit-ediyor","status":"publish","type":"post","link":"https:\/\/archive.sana.sy\/tr\/?p=8118","title":{"rendered":"I\u015e\u0130D Sadece Suriye ve Irak\u2019\u0131 De\u011fil T\u00fcm B\u00f6lgeyi Tehdit Ediyor"},"content":{"rendered":"<p>BA\u011eDAT \u2013 \u0130ran D\u0131\u015fi\u015fleri Bakan\u0131 Muhammed Cevat Zarif ter\u00f6r\u00fcn t\u00fcm b\u00f6lge ve halklar\u0131n\u0131 tehdit etmesiyle ter\u00f6rle m\u00fccadelenin t\u00fcm d\u00fcnya devletlerinin kat\u0131l\u0131m\u0131n\u0131 gerektirdi\u011fini belirtti.<\/p>\n<p>Ba\u011fdat&#8217;ta ula\u015fmas\u0131 ard\u0131ndan bas\u0131na a\u00e7\u0131klamalar\u0131nda Zarif; b\u00f6lge halklar\u0131na kar\u015f\u0131 insanl\u0131k d\u0131\u015f\u0131 vah\u015fetlerde bulunan ter\u00f6r \u00f6rg\u00fctlerine kar\u015f\u0131 kimi devletlerin ve halklar\u0131n son olarak tak\u0131nd\u0131klar\u0131 tutumdan memnuniyetini ifade etti.<\/p>\n<p>Zarif Irakl\u0131 mevkida\u015f\u0131 Ho\u015fiyar Zebari ile bulundu\u011fu temaslar ard\u0131ndan d\u00fczenledikleri ortak bas\u0131n toplant\u0131s\u0131nda Irak ve \u015eam \u0130slami Devleti I\u015e\u0130D adl\u0131 \u00f6rg\u00fct\u00fcn sadece Suriye ve Irak\u2019ta de\u011fil t\u00fcm b\u00f6lgenin g\u00fcvenlik ve istikrar\u0131n\u0131 tehdit etti\u011fini belirtti.<\/p>\n","protected":false},"excerpt":{"rendered":"<p>BA\u011eDAT \u2013 \u0130ran D\u0131\u015fi\u015fleri Bakan\u0131 Muhammed Cevat Zarif ter\u00f6r\u00fcn t\u00fcm b\u00f6lge ve halklar\u0131n\u0131 tehdit etmesiyle ter\u00f6rle m\u00fccadelenin t\u00fcm d\u00fcnya devletlerinin kat\u0131l\u0131m\u0131n\u0131 gerektirdi\u011fini belirtti. Ba\u011fdat&#8217;ta ula\u015fmas\u0131 ard\u0131ndan bas\u0131na a\u00e7\u0131klamalar\u0131nda Zarif; b\u00f6lge halklar\u0131na kar\u015f\u0131 insanl\u0131k d\u0131\u015f\u0131 vah\u015fetlerde bulunan ter\u00f6r \u00f6rg\u00fctlerine kar\u015f\u0131 kimi devletlerin ve halklar\u0131n son olarak tak\u0131nd\u0131klar\u0131 tutumdan memnuniyetini ifade etti. Zarif Irakl\u0131 mevkida\u015f\u0131 Ho\u015fiyar Zebari &hellip;<\/p>\n","protected":false},"author":1,"featured_media":8119,"comment_status":"closed","ping_status":"closed","sticky":false,"template":"","format":"standard","meta":{"footnotes":""},"categories":[458,459,447],"tags":[1811],"class_list":["post-8118","post","type-post","status-publish","format-standard","has-post-thumbnail","","category-dunya1","category-haberler-arap-uluslararasi-politika","category-politika","tag-isid-sadece-suriye-ve-iraki-degil-tum-bolgeyi-tehdit-ediyor"],"_links":{"self":[{"href":"https:\/\/archive.sana.sy\/tr\/index.php?rest_route=\/wp\/v2\/posts\/8118","targetHints":{"allow":["GET"]}}],"collection":[{"href":"https:\/\/archive.sana.sy\/tr\/index.php?rest_route=\/wp\/v2\/posts"}],"about":[{"href":"https:\/\/archive.sana.sy\/tr\/index.php?rest_route=\/wp\/v2\/types\/post"}],"author":[{"embeddable":true,"href":"https:\/\/archive.sana.sy\/tr\/index.php?rest_route=\/wp\/v2\/users\/1"}],"replies":[{"embeddable":true,"href":"https:\/\/archive.sana.sy\/tr\/index.php?rest_route=%2Fwp%2Fv2%2Fcomments&post=8118"}],"version-history":[{"count":0,"href":"https:\/\/archive.sana.sy\/tr\/index.php?rest_route=\/wp\/v2\/posts\/8118\/revisions"}],"wp:featuredmedia":[{"embeddable":true,"href":"https:\/\/archive.sana.sy\/tr\/index.php?rest_route=\/wp\/v2\/media\/8119"}],"wp:attachment":[{"href":"https:\/\/archive.sana.sy\/tr\/index.php?rest_route=%2Fwp%2Fv2%2Fmedia&parent=8118"}],"wp:term":[{"taxonomy":"category","embeddable":true,"href":"https:\/\/archive.sana.sy\/tr\/index.php?rest_route=%2Fwp%2Fv2%2Fcategories&post=8118"},{"taxonomy":"post_tag","embeddable":true,"href":"https:\/\/archive.sana.sy\/tr\/index.php?rest_route=%2Fwp%2Fv2%2Ftags&post=8118"}],"curies":[{"name":"wp","href":"https:\/\/api.w.org\/{rel}","templated":true}]}}